{"id":16189,"date":"2025-06-26T03:14:10","date_gmt":"2025-06-26T03:14:10","guid":{"rendered":"http:\/\/zonade3.com.ar\/blog\/?p=16189"},"modified":"2025-06-26T03:14:12","modified_gmt":"2025-06-26T03:14:12","slug":"la-legislatura-de-cordoba-nombro-personalidad-destacada-a-ruben-magnano","status":"publish","type":"post","link":"http:\/\/zonade3.com.ar\/blog\/la-legislatura-de-cordoba-nombro-personalidad-destacada-a-ruben-magnano\/","title":{"rendered":"La Legislatura de C\u00f3rdoba nombr\u00f3 \u201cpersonalidad destacada\u201d a Rub\u00e9n Magnano"},"content":{"rendered":"\n<p><br>El ext\u00e9cnico de la Selecci\u00f3n Argentina fue homenajeado por su trayectoria y referencia en el deporte. \u201cA veces los sue\u00f1os se hacen realidad\u201d, expres\u00f3. Detr\u00e1s de la \u201cGeneraci\u00f3n Dorada\u201d, all\u00ed estaba el gran Rub\u00e9n Magnano. Por este logro y, sobre todo, destacando su trayectoria como formador, conductor y referente, la Unicameral de C\u00f3rdoba declar\u00f3 al director t\u00e9cnico como \u201cpersonalidad destacada de la provincia\u201d.<br><br>Este reconocimiento, aprobado por unanimidad en la 8\u00aa sesi\u00f3n ordinaria concretada el pasado 13 de mayo, fue impulsado por el legislador Leonardo Limia. El homenaje se realiz\u00f3 en el Auditorio de la Democracia del edificio legislativo y cont\u00f3 con la presencia de familiares, amigos, periodistas, dirigentes de los clubes cordobeses y colegas del deporte. <\/p>\n\n\n\n<p>\u201cEl reconocimiento no se funda exclusivamente en los logros deportivos -que son muchos y monumentales-, sino en la dimensi\u00f3n \u00e9tica, pedag\u00f3gica y cultural de su aporte a nuestra sociedad. Magnano ha sabido inspirar a miles de personas dentro y fuera del deporte, ense\u00f1ando con el ejemplo que la excelencia no es fruto del talento individual sino de la construcci\u00f3n colectiva, del esfuerzo sostenido y del compromiso con los valores\u201d, se\u00f1ala el texto del proyecto que fue le\u00eddo ante los presentes.<\/p>\n\n\n\n<p>Luego, tras recibir la placa conmemorativa, Magnano agradeci\u00f3 y expres\u00f3: \u201cEstoy pasando algo que es fundamental, la experiencia. y en este tiempo aprend\u00ed que hay pilares que sostienen y hacen crecer a la persona. Y est\u00e1n todos ac\u00e1, mi esposa, mis amigos del laburo, periodistas y dirigentes que tambi\u00e9n han hecho de mi carrera esto que es hoy\u201d.<\/p>\n\n\n\n<p><\/p>\n","protected":false},"excerpt":{"rendered":"<p>El ext\u00e9cnico de la Selecci\u00f3n Argentina fue homenajeado por su trayectoria y referencia en el deporte. \u201cA veces<\/p>\n","protected":false},"author":2,"featured_media":16190,"comment_status":"open","ping_status":"open","sticky":false,"template":"","format":"standard","meta":{"footnotes":""},"categories":[16],"tags":[],"class_list":["post-16189","post","type-post","status-publish","format-standard","has-post-thumbnail","hentry","category-novedades"],"_links":{"self":[{"href":"http:\/\/zonade3.com.ar\/blog\/wp-json\/wp\/v2\/posts\/16189","targetHints":{"allow":["GET"]}}],"collection":[{"href":"http:\/\/zonade3.com.ar\/blog\/wp-json\/wp\/v2\/posts"}],"about":[{"href":"http:\/\/zonade3.com.ar\/blog\/wp-json\/wp\/v2\/types\/post"}],"author":[{"embeddable":true,"href":"http:\/\/zonade3.com.ar\/blog\/wp-json\/wp\/v2\/users\/2"}],"replies":[{"embeddable":true,"href":"http:\/\/zonade3.com.ar\/blog\/wp-json\/wp\/v2\/comments?post=16189"}],"version-history":[{"count":1,"href":"http:\/\/zonade3.com.ar\/blog\/wp-json\/wp\/v2\/posts\/16189\/revisions"}],"predecessor-version":[{"id":16191,"href":"http:\/\/zonade3.com.ar\/blog\/wp-json\/wp\/v2\/posts\/16189\/revisions\/16191"}],"wp:featuredmedia":[{"embeddable":true,"href":"http:\/\/zonade3.com.ar\/blog\/wp-json\/wp\/v2\/media\/16190"}],"wp:attachment":[{"href":"http:\/\/zonade3.com.ar\/blog\/wp-json\/wp\/v2\/media?parent=16189"}],"wp:term":[{"taxonomy":"category","embeddable":true,"href":"http:\/\/zonade3.com.ar\/blog\/wp-json\/wp\/v2\/categories?post=16189"},{"taxonomy":"post_tag","embeddable":true,"href":"http:\/\/zonade3.com.ar\/blog\/wp-json\/wp\/v2\/tags?post=16189"}],"curies":[{"name":"wp","href":"https:\/\/api.w.org\/{rel}","templated":true}]}}