{"id":16192,"date":"2025-06-27T02:16:27","date_gmt":"2025-06-27T02:16:27","guid":{"rendered":"http:\/\/zonade3.com.ar\/blog\/?p=16192"},"modified":"2025-06-27T02:16:28","modified_gmt":"2025-06-27T02:16:28","slug":"bebo-ceruti-una-carrera-de-mas-de-tres-decadas","status":"publish","type":"post","link":"http:\/\/zonade3.com.ar\/blog\/bebo-ceruti-una-carrera-de-mas-de-tres-decadas\/","title":{"rendered":"\u00abBebo\u00bb Ceruti: una carrera de mas de tres d\u00e9cadas"},"content":{"rendered":"\n<p>Desde un lejano 1994 hasta el cierre de la participaci\u00f3n de Libertad en La Liga Federal d\u00edas atr\u00e1s, Bebo desarroll\u00f3 una carrera inolvidable atravesada por un amor tan eterno como rec\u00edproco con los Tigres. Su adi\u00f3s fue otro acto de gratitud, entrega y fidelidad.<\/p>\n\n\n\n<p>A los 46 a\u00f1os y tras una carrera que abarc\u00f3 m\u00e1s de tres d\u00e9cadas, Mariano Ceruti cerr\u00f3 su etapa como jugador profesional con la camiseta que m\u00e1s ama: la de Libertad de Sunchales. Y lo hizo fiel a su estilo, dejando todo en cancha, liderando a su equipo con 14 puntos en su \u00faltimo juego en La Liga Federal 2025. Pero lo que se termin\u00f3 fue mucho m\u00e1s que un ciclo deportivo: se despidi\u00f3 un referente, un obrero del b\u00e1squet argentino, un tipo querido en todos los clubes por los que pas\u00f3.<\/p>\n\n\n\n<p>\u00abFueron d\u00edas con mucha mezcla de emociones y sensaciones\u00bb, cuenta Bebo a pocas semanas del \u00faltimo baile. \u00abTristezas, alegr\u00edas, y la incertidumbre de lo que me pasar\u00eda luego. Trat\u00e9 de alejarme de eso, pero era imposible. Y debe ser lindo retirarte en tu cancha, pero que el final haya sido en Santa Paula, con toda la gente aplaudiendo mi salida de pie por m\u00e1s de un minuto, fue algo inolvidable. Le doy las gracias y me saco el sombrero con ese club\u00bb.<\/p>\n\n\n\n<p>Ceruti eligi\u00f3 cerrar el ciclo donde todo empez\u00f3: Libertad. Y en la tercera categor\u00eda del b\u00e1squet nacional. \u00abSent\u00eda que le deb\u00eda algo al club, y necesitaba retirarme con la amarilla y negra. La pandemia ya me hab\u00eda retirado, pero me quedaba algo m\u00e1s. Estos \u00faltimos a\u00f1os fueron un viaje incre\u00edble. Estoy orgulloso de este equipo y agradecido a cada dirigente, a todo el staff y al entrenador Gustavo Lucato, que es un amigo y me dio esta posibilidad\u00bb.<\/p>\n\n\n\n<p>Su carrera fue inmensa. Desde el debut en 1994 en la Liga B, fue parte de logros inolvidables con Libertad: campe\u00f3n del TNA en 1998, MVP y campe\u00f3n de la Liga Sudamericana en 2002, t\u00edtulo en La Liga Nacional en 2008 y dos S\u00faper 8. Pas\u00f3 por Gimnasia LP, San Mart\u00edn de Corrientes, Ober\u00e1, Uni\u00f3n de Sunchales, La Uni\u00f3n de Formosa, Sarmiento de Resistencia, Tiro Federal, Atl\u00e9tico Rafaela, Villa San Mart\u00edn, AMAD Goya y Ben Hur. Tambi\u00e9n jug\u00f3 en Paraguay y en Italia. Pero su coraz\u00f3n siempre volvi\u00f3 a casa.<\/p>\n\n\n\n<p>\u201cHay muchas im\u00e1genes que me quedan, pero si tengo que elegir una me quedo con un torneo local en el que fuimos campeones y pude tener a mis hijos al lado. Ellos son mi motor, mi raz\u00f3n para seguir adelante, vinieron para mejorar mi d\u00eda a d\u00eda. Aquella foto festejando con ellos refleja el esfuerzo de toda una vida para tener ese regalo: no el t\u00edtulo, sino compartir la felicidad con mi sangre\u201d.<\/p>\n\n\n\n<p>En cada testimonio de Ceruti hay un factor com\u00fan: su familia, sus amigos, su gente. \u201cNo puedo explicar con palabras lo que significa siendo un chico de Sunchales el apoyo de los de uno y de toda la ciudad en cada partido, sin importar el resultado. En Libertad, ya seas profesional o no, sent\u00eds que te acompa\u00f1an en todo. Es algo indescriptible, pero maravilloso\u201d.<\/p>\n\n\n\n<p>El v\u00ednculo con los Tigres no se corta. \u00abEs el patio de mi casa. Me form\u00f3 como persona y deportista. Sigo yendo a entrenar, es dif\u00edcil verme en otro rol\u2026 Pero prometo no jugar m\u00e1s, o al menos no profesionalmente, jaja. Si me piden para un juego local, tal vez diga que s\u00ed\u00bb.<\/p>\n\n\n\n<p>Afuera de la cancha, Bebo mantiene su vida activa. Tiene su local de indumentaria deportiva hace casi 30 a\u00f1os y ahora dio el puntapi\u00e9 inicial para cumplir otro sue\u00f1o: abrir un bar con pub, comida y karaoke. \u00abEstas actividades me mantienen ocupado, me apasionan y me ayudan a ir dejando de a poco el b\u00e1squet, aunque cueste\u00bb.<\/p>\n\n\n\n<p>En tiempos donde los n\u00fameros suelen acaparar titulares, Ceruti deja un mensaje claro: \u00abSiempre me import\u00f3 m\u00e1s ser buena persona que buen jugador. Ser aut\u00e9ntico, decir la verdad, ir de frente. Que te recuerden como un loco lindo, como buen padre, buen hijo, buen tipo. Eso es lo mejor que te puede pasar\u00bb.<\/p>\n\n\n\n<p>En la fase regular de su \u00faltima temporada aport\u00f3 23 minutos por partido -con 6.9 puntos y 4.2 rebotes de promedio-, lider\u00f3 a un grupo joven y compiti\u00f3 hasta el final cayendo ante los de G\u00e1lvez en playoffs internos. \u00abFue una temporada compleja, pero hermosa. El club hizo un esfuerzo enorme para jugar el torneo, y darle a los chicos un est\u00edmulo, una proyecci\u00f3n. Junto a buenos refuerzos como V\u00e1squez y Manasero, formamos un grupo que empez\u00f3 muy bien, que no termin\u00f3 en su mejor forma, pero siempre fue duro de vencer. Los pibes tuvieron rodaje, entendieron que deben enfocarse y seguir trabajando, y estoy feliz de haberlos acompa\u00f1ado\u00bb.<\/p>\n\n\n\n<p>Antes de despedirse, Bebo deja un mensaje a los hinchas: \u00abMe emociona hablar de los sunchalenses, a quien agradezco de coraz\u00f3n por bancarme siempre, en las buenas y en las malas. Tanto el hincha de Libertad, como el del b\u00e1squet, conmigo fue muy generoso. Yo no fui un virtuoso, pero siempre lo dej\u00e9 todo. Y cada club me dio much\u00edsimo pero, con su perd\u00f3n, debo decir que el Hogar de Los Tigres es mi casa, mi gente, mi familia\u00bb.<\/p>\n\n\n\n<p>\u00bfY al Bebo de 1994, qu\u00e9 le dir\u00eda? \u00abQue no cambie. Que mantenga sus convicciones. Que podr\u00eda ser m\u00e1s profesional, aprender m\u00e1s de los errores y no repetirlos. Que sepa que el deporte puede ser cruel, pero que hay que levantarse cada vez que uno se cae. De eso se trat\u00f3 mi carrera, y de eso se trata la vida\u00bb. Mariano Ceruti cerr\u00f3 una marat\u00f3n que trascendi\u00f3 camisetas, estad\u00edsticas y trofeos. Lo hizo siendo \u00e9l mismo, con entrega, humildad y el coraz\u00f3n pintado de amarillo y negro.<br><br>Fuente: Prensa CAB<\/p>\n","protected":false},"excerpt":{"rendered":"<p>Desde un lejano 1994 hasta el cierre de la participaci\u00f3n de Libertad en La Liga Federal d\u00edas atr\u00e1s,<\/p>\n","protected":false},"author":2,"featured_media":16193,"comment_status":"open","ping_status":"open","sticky":false,"template":"","format":"standard","meta":{"footnotes":""},"categories":[16],"tags":[],"class_list":["post-16192","post","type-post","status-publish","format-standard","has-post-thumbnail","hentry","category-novedades"],"_links":{"self":[{"href":"http:\/\/zonade3.com.ar\/blog\/wp-json\/wp\/v2\/posts\/16192","targetHints":{"allow":["GET"]}}],"collection":[{"href":"http:\/\/zonade3.com.ar\/blog\/wp-json\/wp\/v2\/posts"}],"about":[{"href":"http:\/\/zonade3.com.ar\/blog\/wp-json\/wp\/v2\/types\/post"}],"author":[{"embeddable":true,"href":"http:\/\/zonade3.com.ar\/blog\/wp-json\/wp\/v2\/users\/2"}],"replies":[{"embeddable":true,"href":"http:\/\/zonade3.com.ar\/blog\/wp-json\/wp\/v2\/comments?post=16192"}],"version-history":[{"count":1,"href":"http:\/\/zonade3.com.ar\/blog\/wp-json\/wp\/v2\/posts\/16192\/revisions"}],"predecessor-version":[{"id":16194,"href":"http:\/\/zonade3.com.ar\/blog\/wp-json\/wp\/v2\/posts\/16192\/revisions\/16194"}],"wp:featuredmedia":[{"embeddable":true,"href":"http:\/\/zonade3.com.ar\/blog\/wp-json\/wp\/v2\/media\/16193"}],"wp:attachment":[{"href":"http:\/\/zonade3.com.ar\/blog\/wp-json\/wp\/v2\/media?parent=16192"}],"wp:term":[{"taxonomy":"category","embeddable":true,"href":"http:\/\/zonade3.com.ar\/blog\/wp-json\/wp\/v2\/categories?post=16192"},{"taxonomy":"post_tag","embeddable":true,"href":"http:\/\/zonade3.com.ar\/blog\/wp-json\/wp\/v2\/tags?post=16192"}],"curies":[{"name":"wp","href":"https:\/\/api.w.org\/{rel}","templated":true}]}}