{"id":16242,"date":"2025-07-04T18:12:40","date_gmt":"2025-07-04T18:12:40","guid":{"rendered":"http:\/\/zonade3.com.ar\/blog\/?p=16242"},"modified":"2025-07-04T18:12:41","modified_gmt":"2025-07-04T18:12:41","slug":"informacion-sobre-las-plazas-de-liga-nacional-y-liga-argentina","status":"publish","type":"post","link":"http:\/\/zonade3.com.ar\/blog\/informacion-sobre-las-plazas-de-liga-nacional-y-liga-argentina\/","title":{"rendered":"Informaci\u00f3n sobre las plazas de Liga Nacional y Liga Argentina"},"content":{"rendered":"\n<p>Ante los trascendidos en redes sociales en los \u00faltimos d\u00edas, el Departamento de Competencias de la Asociaci\u00f3n de Clubes comunica el estado de situaci\u00f3n en referencia a las plazas para La Liga Nacional y La Liga Argentina para la temporada 2025\/26.<\/p>\n\n\n\n<p>De acuerdo con los Art\u00edculos 101 a 110 de las Reglas Generales de la Temporada 2024\/25 y habi\u00e9ndose definido en la \u00faltima Asamblea Ordinaria y refrendado en las reuniones de categor\u00eda, el plazo de vencimiento para el Informe de Cesi\u00f3n y\/o Venta de Plazas en La Liga Argentina venci\u00f3 el \u00faltimo 2 de mayo, mientras que para La Liga Nacional vencer\u00e1 el pr\u00f3ximo 15 de julio.<\/p>\n\n\n\n<p>El club Hispano Americano de R\u00edo Gallegos es el \u00fanico equipo de La Liga Argentina que comunic\u00f3 formalmente su intenci\u00f3n de venta de plaza, no habiendo recibido la Asociaci\u00f3n de Clubes ninguna oferta hasta el momento.<\/p>\n\n\n\n<p>En tanto en lo que refiere a La Liga Nacional, se recibi\u00f3 la comunicaci\u00f3n por parte de Riachuelo manifestando su intenci\u00f3n de no participar en la m\u00e1xima categor\u00eda a partir de la pr\u00f3xima temporada. La Asociaci\u00f3n de Clubes tampoco registra ninguna oferta formal al d\u00eda de la fecha.<\/p>\n","protected":false},"excerpt":{"rendered":"<p>Ante los trascendidos en redes sociales en los \u00faltimos d\u00edas, el Departamento de Competencias de la Asociaci\u00f3n de<\/p>\n","protected":false},"author":2,"featured_media":16243,"comment_status":"open","ping_status":"open","sticky":false,"template":"","format":"standard","meta":{"footnotes":""},"categories":[8],"tags":[],"class_list":["post-16242","post","type-post","status-publish","format-standard","has-post-thumbnail","hentry","category-liga-nacional"],"_links":{"self":[{"href":"http:\/\/zonade3.com.ar\/blog\/wp-json\/wp\/v2\/posts\/16242","targetHints":{"allow":["GET"]}}],"collection":[{"href":"http:\/\/zonade3.com.ar\/blog\/wp-json\/wp\/v2\/posts"}],"about":[{"href":"http:\/\/zonade3.com.ar\/blog\/wp-json\/wp\/v2\/types\/post"}],"author":[{"embeddable":true,"href":"http:\/\/zonade3.com.ar\/blog\/wp-json\/wp\/v2\/users\/2"}],"replies":[{"embeddable":true,"href":"http:\/\/zonade3.com.ar\/blog\/wp-json\/wp\/v2\/comments?post=16242"}],"version-history":[{"count":1,"href":"http:\/\/zonade3.com.ar\/blog\/wp-json\/wp\/v2\/posts\/16242\/revisions"}],"predecessor-version":[{"id":16244,"href":"http:\/\/zonade3.com.ar\/blog\/wp-json\/wp\/v2\/posts\/16242\/revisions\/16244"}],"wp:featuredmedia":[{"embeddable":true,"href":"http:\/\/zonade3.com.ar\/blog\/wp-json\/wp\/v2\/media\/16243"}],"wp:attachment":[{"href":"http:\/\/zonade3.com.ar\/blog\/wp-json\/wp\/v2\/media?parent=16242"}],"wp:term":[{"taxonomy":"category","embeddable":true,"href":"http:\/\/zonade3.com.ar\/blog\/wp-json\/wp\/v2\/categories?post=16242"},{"taxonomy":"post_tag","embeddable":true,"href":"http:\/\/zonade3.com.ar\/blog\/wp-json\/wp\/v2\/tags?post=16242"}],"curies":[{"name":"wp","href":"https:\/\/api.w.org\/{rel}","templated":true}]}}