{"id":17092,"date":"2025-11-17T02:15:11","date_gmt":"2025-11-17T02:15:11","guid":{"rendered":"http:\/\/zonade3.com.ar\/blog\/?p=17092"},"modified":"2025-11-17T02:15:13","modified_gmt":"2025-11-17T02:15:13","slug":"union-y-juventud-es-el-nuevo-soberano","status":"publish","type":"post","link":"http:\/\/zonade3.com.ar\/blog\/union-y-juventud-es-el-nuevo-soberano\/","title":{"rendered":"Uni\u00f3n y Juventud es el nuevo soberano"},"content":{"rendered":"\n<p>Bandera y su gente fueron protagonistas de una gran fiesta del baloncesto. En la definici\u00f3n de la segunda mitad del calendario y haciendo valer su local\u00eda, derrotaron a Atl\u00e9tico Tostado 88-70. N\u00fameros claros y los cuales se fueron construyendo desde el cuarto inicial.<br><br>Aquel 23-19 fue la primera diferencia y en la conclusi\u00f3n de esos diez minutos iniciales. El cierre de la mitad del juego comenz\u00f3 a marcar tendencias (51-35) y m\u00e1s claras a\u00fan, luego del tercer segmento (70-49).<br><br>El \u00faltimo tramo del juego y aguardando un cierre imaginado, sirvi\u00f3 para que la gente disfrutara de esta consagraci\u00f3n del equipo conducido por Lucas Moyano. Uni\u00f3n y Juventud se adjudic\u00f3 la segunda mitad del a\u00f1o y definir\u00e1 ante Central el Torneo Absoluto 2025.<br><br>S\u00edntesis<br>UNI\u00d3N Y JUVENTUD 88 &#8211; ATL\u00c9TICO TOSTADO 70<br>Estadio \u00abGigante del Sudeste Santiague\u00f1o\u00bb<br>UNI\u00d3N Y JUVENTUD: Coronel (15); Alejo Crotti (12); Infante (15); Milton Vittar (12); Buticci (30); Cancinos (4); Ganem; Centuri\u00f3n; Cas\u00e1; Leonardi; Rico Virilli; Villalba. DT: Lucas Moyano.<br><br>ATL\u00c9TICO TOSTADO: Dell (11); Ternavasio (11); Theiler (22); Romero (6); Morard (9); Ben\u00edtez (5); L\u00f3pez Konrath (2); Gonz\u00e1lez (2); Garc\u00eda (2); Carignano; Defag\u00f3; Cinquegrani. DT: Enrique Lancellotti.<\/p>\n\n\n\n<p>\u00c1rbitros: Melisa Gauna-Valeria Gauna-D\u00edaz (Asociaci\u00f3n Noroeste Santafesino)<br><br>Datos: Lautaro Caro Foto: Ricardo Antinori<\/p>\n","protected":false},"excerpt":{"rendered":"<p>Bandera y su gente fueron protagonistas de una gran fiesta del baloncesto. En la definici\u00f3n de la segunda<\/p>\n","protected":false},"author":2,"featured_media":17093,"comment_status":"open","ping_status":"open","sticky":false,"template":"","format":"standard","meta":{"footnotes":""},"categories":[7],"tags":[],"class_list":["post-17092","post","type-post","status-publish","format-standard","has-post-thumbnail","hentry","category-asoc-noroeste"],"_links":{"self":[{"href":"http:\/\/zonade3.com.ar\/blog\/wp-json\/wp\/v2\/posts\/17092","targetHints":{"allow":["GET"]}}],"collection":[{"href":"http:\/\/zonade3.com.ar\/blog\/wp-json\/wp\/v2\/posts"}],"about":[{"href":"http:\/\/zonade3.com.ar\/blog\/wp-json\/wp\/v2\/types\/post"}],"author":[{"embeddable":true,"href":"http:\/\/zonade3.com.ar\/blog\/wp-json\/wp\/v2\/users\/2"}],"replies":[{"embeddable":true,"href":"http:\/\/zonade3.com.ar\/blog\/wp-json\/wp\/v2\/comments?post=17092"}],"version-history":[{"count":1,"href":"http:\/\/zonade3.com.ar\/blog\/wp-json\/wp\/v2\/posts\/17092\/revisions"}],"predecessor-version":[{"id":17094,"href":"http:\/\/zonade3.com.ar\/blog\/wp-json\/wp\/v2\/posts\/17092\/revisions\/17094"}],"wp:featuredmedia":[{"embeddable":true,"href":"http:\/\/zonade3.com.ar\/blog\/wp-json\/wp\/v2\/media\/17093"}],"wp:attachment":[{"href":"http:\/\/zonade3.com.ar\/blog\/wp-json\/wp\/v2\/media?parent=17092"}],"wp:term":[{"taxonomy":"category","embeddable":true,"href":"http:\/\/zonade3.com.ar\/blog\/wp-json\/wp\/v2\/categories?post=17092"},{"taxonomy":"post_tag","embeddable":true,"href":"http:\/\/zonade3.com.ar\/blog\/wp-json\/wp\/v2\/tags?post=17092"}],"curies":[{"name":"wp","href":"https:\/\/api.w.org\/{rel}","templated":true}]}}