{"id":171,"date":"2016-10-31T03:23:48","date_gmt":"2016-10-31T03:23:48","guid":{"rendered":"http:\/\/zonade3.com.ar.ar\/blog\/?p=171"},"modified":"2016-10-31T03:23:48","modified_gmt":"2016-10-31T03:23:48","slug":"torneo-federal-nuevo-traspie-de-central-de-ceres","status":"publish","type":"post","link":"http:\/\/zonade3.com.ar\/blog\/torneo-federal-nuevo-traspie-de-central-de-ceres\/","title":{"rendered":"Torneo Federal: Nuevo traspi\u00e9 de Central de Ceres"},"content":{"rendered":"<p>Central Argentino Ol\u00edmpico perdi\u00f3 en su reducto ante Uni\u00f3n de Sunchales (foto) 81-75.<br \/>\nLe cost\u00f3 siempre y ante un rival que marc\u00f3 muchas diferencias de cent\u00edmetros cerca de los acr\u00edlicos.<br \/>\nEsto le gener\u00f3 recibir conversiones internas en muchas ocasiones o sufrir penetraciones de Legaria o Giletto, cortadas con faltas o pagando con puntos en su canasta.<br \/>\nFue siempre en desventaja y sabiendo de sus limitaciones en esos aspectos. Sin embargo, con mucha actitud y verg\u00fcenza deportiva, se mostr\u00f3 diferente en el complemento.<br \/>\nUni\u00f3n de Sunchales se hab\u00eda ido al descanso por diecis\u00e9is de ventaja y lentamente Central fue limando esas brechas.<br \/>\nAparecieron algunas conversiones per\u00edmetrales que se les hab\u00edan negado en los segmentos anteriores y con arrestos individuales tambi\u00e9n, logr\u00f3 ponerse en juego. Tanto que, a poco de culminar el tercer parcial, se hab\u00eda colocado a dos unidades por debajo de su rival y otra vez a comenzar. Pero un par de triples y alguna jugada, con doble y falta, alejaron nuevamente a los visitantes.<br \/>\nLos \u00faltimos intentos levantaron a su p\u00fablico, pero ya no hubo m\u00e1s tiempo y solo vio como cerraba la doble jornada de local con dos derrotas. De todos modos, las ca\u00eddas fueron\u00a0con escaso margen y esto, le genera el suficiente \u00e1nimo al equipo de Enrique Lancelotti para trabajar estas semanas que vienen sin competencia oficial.<br \/>\n<strong>S\u00edntesis:<\/strong><br \/>\nCENTRAL 75 UNI\u00d3N (S) 81<br \/>\nEstadio \u00abRa\u00fal Braica\u00bb<br \/>\n<strong>CENTRAL de Ceres:<\/strong> P\u00e9rez Disalvio (6); Liz\u00e1rraga (21); Caponi (11); Yapur (27); Rizzo (6); Salicr\u00fa (3); Buticci (1); Diego P\u00e9rez; Rodr\u00edguez; Fito; Karabiti\u00e1n; Kulinsky. DT: Enrique Lancellotti.<br \/>\n<strong>UNI\u00d3N (S):<\/strong> Correnti (12); Legaria (16); Giletto (26); Wall (16); Porta (6); Porchietto (3); Yacket (2); Colsani; Mat\u00edas Pennacino; Zurvera; Periotti. DT: Mart\u00edn M\u00e9ndez.<br \/>\n\u00c1rbitros: P\u00e9rez-Montoya (Asociaciones C\u00f3rdoba-Santiago del Estero)<br \/>\nFuente: La Red del Deporte<\/p>\n","protected":false},"excerpt":{"rendered":"<p>Central Argentino Ol\u00edmpico perdi\u00f3 en su reducto ante Uni\u00f3n de Sunchales (foto) 81-75. Le cost\u00f3 siempre y ante<\/p>\n","protected":false},"author":2,"featured_media":172,"comment_status":"open","ping_status":"open","sticky":false,"template":"","format":"standard","meta":{"footnotes":""},"categories":[1],"tags":[],"class_list":["post-171","post","type-post","status-publish","format-standard","has-post-thumbnail","hentry","category-sin-categoria"],"_links":{"self":[{"href":"http:\/\/zonade3.com.ar\/blog\/wp-json\/wp\/v2\/posts\/171","targetHints":{"allow":["GET"]}}],"collection":[{"href":"http:\/\/zonade3.com.ar\/blog\/wp-json\/wp\/v2\/posts"}],"about":[{"href":"http:\/\/zonade3.com.ar\/blog\/wp-json\/wp\/v2\/types\/post"}],"author":[{"embeddable":true,"href":"http:\/\/zonade3.com.ar\/blog\/wp-json\/wp\/v2\/users\/2"}],"replies":[{"embeddable":true,"href":"http:\/\/zonade3.com.ar\/blog\/wp-json\/wp\/v2\/comments?post=171"}],"version-history":[{"count":1,"href":"http:\/\/zonade3.com.ar\/blog\/wp-json\/wp\/v2\/posts\/171\/revisions"}],"predecessor-version":[{"id":173,"href":"http:\/\/zonade3.com.ar\/blog\/wp-json\/wp\/v2\/posts\/171\/revisions\/173"}],"wp:featuredmedia":[{"embeddable":true,"href":"http:\/\/zonade3.com.ar\/blog\/wp-json\/wp\/v2\/media\/172"}],"wp:attachment":[{"href":"http:\/\/zonade3.com.ar\/blog\/wp-json\/wp\/v2\/media?parent=171"}],"wp:term":[{"taxonomy":"category","embeddable":true,"href":"http:\/\/zonade3.com.ar\/blog\/wp-json\/wp\/v2\/categories?post=171"},{"taxonomy":"post_tag","embeddable":true,"href":"http:\/\/zonade3.com.ar\/blog\/wp-json\/wp\/v2\/tags?post=171"}],"curies":[{"name":"wp","href":"https:\/\/api.w.org\/{rel}","templated":true}]}}