{"id":17153,"date":"2025-11-30T05:32:18","date_gmt":"2025-11-30T05:32:18","guid":{"rendered":"http:\/\/zonade3.com.ar\/blog\/?p=17153"},"modified":"2025-11-30T05:37:51","modified_gmt":"2025-11-30T05:37:51","slug":"finales-santiago-andrione-palpita-el-segundo-juego-de-la-serie","status":"publish","type":"post","link":"http:\/\/zonade3.com.ar\/blog\/finales-santiago-andrione-palpita-el-segundo-juego-de-la-serie\/","title":{"rendered":"Finales: Santiago Andrione palpita el segundo juego de la serie"},"content":{"rendered":"\n<p>El Ceibo y 9 de Julio jugar\u00e1n el segundo punto de las finales de la Liga Cordobesa este domingo desde las 20 en el estadio Antonio Cena. La serie lo favorece al sanfrancisque\u00f1o 1 a 0. El encuentro se realizar\u00e1 exactamente una semana despu\u00e9s de haber ganado el primer partido en Morteros 70 a 59 con un plan de juego sumamente riguroso y detallado.<\/p>\n\n\n\n<p>De repetir una victoria, la Flor Nacional lograr\u00e1 alzar el t\u00edtulo tal como lo hizo en 2021 y 2022, de lo contrario habr\u00e1 un tercer juego en condici\u00f3n de visitante.<\/p>\n\n\n\n<p>En la antesala de este encuentro, Santiago Andrione, uno de los pilares del equipo cont\u00f3 c\u00f3mo se vivi\u00f3 la semana previa: \u201cLa vivimos y afrontamos de la misma manera que la primera semana antes de viajar a Morteros y lograr el primer triunfo. Nos preparamos y ajustamos detalles defensivos y ofensivos para tratar de sacar provecho y ser contundentes a la hora de ejercutarlos en el juego n\u00famero dos\u201d.<\/p>\n\n\n\n<p>El jugador oriundo de Suardi lleg\u00f3 este a\u00f1o a El Ceibo cedido a pr\u00e9stamo por Barrio Parque, y junto con Gabriel Rojas se transformaron en las principales fichas del equipo tanto en la Liga Federal como ahora en la Liga Cordobesa.<\/p>\n\n\n\n<p>Todo lo trabajado en el a\u00f1o buscan consolidarlo en esta oportunidad. En este sentido, Andrione expres\u00f3: \u201cEl partido lo vamos a afrontar con suma responsabilidad como lo venimos haciendo a lo largo del torneo. Sabemos que tenemos una gran oportunidad de cerrar la serie ac\u00e1 en casa, pero repito, respetando al rival, reglas y jugando en equipo. Todo se define en los detalles\u201d.<\/p>\n\n\n\n<p>\u201cTenemos que estar tranquilos, disfrutar de la situaci\u00f3n en la que estamos pero sobre todo ejecutar casi a la perfecci\u00f3n el plan para poder lograr el objetivo que tanto deseamos a lo largo del torneo y a lo largo del a\u00f1o que nos preparamos\u201d, cerr\u00f3 optimista.<br><br>Fuente\/Foto: Prensa El Ceibo<\/p>\n","protected":false},"excerpt":{"rendered":"<p>El Ceibo y 9 de Julio jugar\u00e1n el segundo punto de las finales de la Liga Cordobesa este<\/p>\n","protected":false},"author":2,"featured_media":17154,"comment_status":"open","ping_status":"open","sticky":false,"template":"","format":"standard","meta":{"footnotes":""},"categories":[4],"tags":[],"class_list":["post-17153","post","type-post","status-publish","format-standard","has-post-thumbnail","hentry","category-federativas"],"_links":{"self":[{"href":"http:\/\/zonade3.com.ar\/blog\/wp-json\/wp\/v2\/posts\/17153","targetHints":{"allow":["GET"]}}],"collection":[{"href":"http:\/\/zonade3.com.ar\/blog\/wp-json\/wp\/v2\/posts"}],"about":[{"href":"http:\/\/zonade3.com.ar\/blog\/wp-json\/wp\/v2\/types\/post"}],"author":[{"embeddable":true,"href":"http:\/\/zonade3.com.ar\/blog\/wp-json\/wp\/v2\/users\/2"}],"replies":[{"embeddable":true,"href":"http:\/\/zonade3.com.ar\/blog\/wp-json\/wp\/v2\/comments?post=17153"}],"version-history":[{"count":2,"href":"http:\/\/zonade3.com.ar\/blog\/wp-json\/wp\/v2\/posts\/17153\/revisions"}],"predecessor-version":[{"id":17156,"href":"http:\/\/zonade3.com.ar\/blog\/wp-json\/wp\/v2\/posts\/17153\/revisions\/17156"}],"wp:featuredmedia":[{"embeddable":true,"href":"http:\/\/zonade3.com.ar\/blog\/wp-json\/wp\/v2\/media\/17154"}],"wp:attachment":[{"href":"http:\/\/zonade3.com.ar\/blog\/wp-json\/wp\/v2\/media?parent=17153"}],"wp:term":[{"taxonomy":"category","embeddable":true,"href":"http:\/\/zonade3.com.ar\/blog\/wp-json\/wp\/v2\/categories?post=17153"},{"taxonomy":"post_tag","embeddable":true,"href":"http:\/\/zonade3.com.ar\/blog\/wp-json\/wp\/v2\/tags?post=17153"}],"curies":[{"name":"wp","href":"https:\/\/api.w.org\/{rel}","templated":true}]}}