{"id":17157,"date":"2025-12-01T01:01:59","date_gmt":"2025-12-01T01:01:59","guid":{"rendered":"http:\/\/zonade3.com.ar\/blog\/?p=17157"},"modified":"2025-12-01T01:39:58","modified_gmt":"2025-12-01T01:39:58","slug":"el-ceibo-campeon-de-la-liga-cordobesa","status":"publish","type":"post","link":"http:\/\/zonade3.com.ar\/blog\/el-ceibo-campeon-de-la-liga-cordobesa\/","title":{"rendered":"El Ceibo, campe\u00f3n de la Liga Cordobesa"},"content":{"rendered":"\n<p>El equipo de San Francisco volvi\u00f3 a vencer a Asociaci\u00f3n Deportiva 9 de Julio de Morteros por 79 a 52 y de esta manera barri\u00f3 la serie 2 a 0 y se qued\u00f3 con el t\u00edtulo de la Liga Provincial A.<\/p>\n\n\n\n<p>La \u201cflor nacional\u201d fue muy superior al \u201cceleste\u201d que s\u00f3lo pudo hacerle fuerza en el primer cuarto y luego fue todo del local. Si bien el due\u00f1o de casa domin\u00f3 en todos los per\u00edodos, el segundo fue letal para las aspiraciones del visitante.<\/p>\n\n\n\n<p>Con un goleo alto, como lo caracteriza al equipo de Eduardo Blengini, y con eje principal en Gabriel Rojas, El Ceibo tambi\u00e9n fue letal en su aro donde la visita no lleg\u00f3 a los 60 puntos.<\/p>\n\n\n\n<p>El Ceibo, al igual que 9 de Julio, ya ten\u00eda asegurada su plaza a la Liga Federal 2026 pero ahora le suma una nueva estrella provincial a su historial. La tercera desde este nuevo formato que clasifica a la tercera categor\u00eda del b\u00e1squet argentino.<\/p>\n\n\n\n<p>Los sanfrancisque\u00f1os volvieron a demostrar que son los mejores de la Liga Provincial A y que buscar\u00e1n ser nuevamente protagonistas en la competencia nacional. Gabriel Rojas fue elegido el Jugador M\u00e1s Valioso (MVP) de las finales.<\/p>\n\n\n\n<p>Fuente: DiarioSports &#8211; Foto: La Voz Deportiva<\/p>\n","protected":false},"excerpt":{"rendered":"<p>El equipo de San Francisco volvi\u00f3 a vencer a Asociaci\u00f3n Deportiva 9 de Julio de Morteros por 79<\/p>\n","protected":false},"author":2,"featured_media":17160,"comment_status":"open","ping_status":"open","sticky":false,"template":"","format":"standard","meta":{"footnotes":""},"categories":[4],"tags":[],"class_list":["post-17157","post","type-post","status-publish","format-standard","has-post-thumbnail","hentry","category-federativas"],"_links":{"self":[{"href":"http:\/\/zonade3.com.ar\/blog\/wp-json\/wp\/v2\/posts\/17157","targetHints":{"allow":["GET"]}}],"collection":[{"href":"http:\/\/zonade3.com.ar\/blog\/wp-json\/wp\/v2\/posts"}],"about":[{"href":"http:\/\/zonade3.com.ar\/blog\/wp-json\/wp\/v2\/types\/post"}],"author":[{"embeddable":true,"href":"http:\/\/zonade3.com.ar\/blog\/wp-json\/wp\/v2\/users\/2"}],"replies":[{"embeddable":true,"href":"http:\/\/zonade3.com.ar\/blog\/wp-json\/wp\/v2\/comments?post=17157"}],"version-history":[{"count":2,"href":"http:\/\/zonade3.com.ar\/blog\/wp-json\/wp\/v2\/posts\/17157\/revisions"}],"predecessor-version":[{"id":17162,"href":"http:\/\/zonade3.com.ar\/blog\/wp-json\/wp\/v2\/posts\/17157\/revisions\/17162"}],"wp:featuredmedia":[{"embeddable":true,"href":"http:\/\/zonade3.com.ar\/blog\/wp-json\/wp\/v2\/media\/17160"}],"wp:attachment":[{"href":"http:\/\/zonade3.com.ar\/blog\/wp-json\/wp\/v2\/media?parent=17157"}],"wp:term":[{"taxonomy":"category","embeddable":true,"href":"http:\/\/zonade3.com.ar\/blog\/wp-json\/wp\/v2\/categories?post=17157"},{"taxonomy":"post_tag","embeddable":true,"href":"http:\/\/zonade3.com.ar\/blog\/wp-json\/wp\/v2\/tags?post=17157"}],"curies":[{"name":"wp","href":"https:\/\/api.w.org\/{rel}","templated":true}]}}