{"id":17176,"date":"2025-12-02T04:16:55","date_gmt":"2025-12-02T04:16:55","guid":{"rendered":"http:\/\/zonade3.com.ar\/blog\/?p=17176"},"modified":"2025-12-02T04:16:57","modified_gmt":"2025-12-02T04:16:57","slug":"convocatoria-a-asamblea-el-dia-martes-9-de-diciembre","status":"publish","type":"post","link":"http:\/\/zonade3.com.ar\/blog\/convocatoria-a-asamblea-el-dia-martes-9-de-diciembre\/","title":{"rendered":"Convocatoria a Asamblea el d\u00eda martes 9 de diciembre"},"content":{"rendered":"\n<p>La Comisi\u00f3n Directiva de la Asociaci\u00f3n Civil Noroeste Santafesino de Basquetbol, convoca a las entidades afiliadas, por intermedio de su delegado con derecho a representaci\u00f3n a la Asamblea General Ordinaria, que se realizar\u00e1 en la ciudad de Ceres, en su sede ubicada en Av. Trist\u00e1n Malbran y Pasaje Melian, el d\u00eda Martes 09 de Diciembre de 2025, a las 20,30 Hs a los efectos de tratar el siguiente orden del d\u00eda:<br><br>1.- Designaci\u00f3n de dos (2) Delegados Asamble\u00edstas para que firmen junto al Secretario y Presidente el Acta de la Reuni\u00f3n.-<br>2.- Consideraci\u00f3n de la Memoria Anual, y el Balance General, al cierre de Ejercicio (31\/12\/2024).-<br>3.- Renovaci\u00f3n total de la Comisi\u00f3n Directiva, por el t\u00e9rmino de dos (2) a\u00f1os.-<br>4.- Elecci\u00f3n de los integrantes del Tribunal de Penas, por el t\u00e9rmino de dos (2) a\u00f1os.-<\/p>\n\n\n\n<p>NOTA: La Asamblea se celebrara en el dia y hora fijado, siempre que se encuentren presentes la mitad mas uno del total de los Asociados Activos con derecho a voto. Se celebrara v\u00e1lidamente, cualquiera fuera el n\u00famero de Asociados concurrentes, media hora despu\u00e9s de la establecida en la convocatoria.<br>Cada Delegado deber\u00e1 presentar el respectivo aval de su instituci\u00f3n.<br><br>ARTICULO 51) \u2013 En las Asambleas podr\u00e1n participar, con voz, todos los Asociados a trav\u00e9s de representantes designados a tal efecto por las Instituciones, lo que deber\u00e1n acreditar antes del inicio de la misma, de no contar con este requisito no podr\u00e1n ejercer la funci\u00f3n.-<br>Tendr\u00e1n voto en las mismas, solamente los Asociados Activos.<br>Solo podr\u00e1n votar y su presencia se contara a los efectos del qu\u00f3rum, los Asociados Activos que:<br>51.1 \u2013 Hayan estado Asociados durante el a\u00f1o anterior.-<br>51.2 \u2013 No tengan deudas vencidas con Tesorer\u00eda.<\/p>\n","protected":false},"excerpt":{"rendered":"<p>La Comisi\u00f3n Directiva de la Asociaci\u00f3n Civil Noroeste Santafesino de Basquetbol, convoca a las entidades afiliadas, por intermedio<\/p>\n","protected":false},"author":2,"featured_media":15367,"comment_status":"open","ping_status":"open","sticky":false,"template":"","format":"standard","meta":{"footnotes":""},"categories":[7],"tags":[],"class_list":["post-17176","post","type-post","status-publish","format-standard","has-post-thumbnail","hentry","category-asoc-noroeste"],"_links":{"self":[{"href":"http:\/\/zonade3.com.ar\/blog\/wp-json\/wp\/v2\/posts\/17176","targetHints":{"allow":["GET"]}}],"collection":[{"href":"http:\/\/zonade3.com.ar\/blog\/wp-json\/wp\/v2\/posts"}],"about":[{"href":"http:\/\/zonade3.com.ar\/blog\/wp-json\/wp\/v2\/types\/post"}],"author":[{"embeddable":true,"href":"http:\/\/zonade3.com.ar\/blog\/wp-json\/wp\/v2\/users\/2"}],"replies":[{"embeddable":true,"href":"http:\/\/zonade3.com.ar\/blog\/wp-json\/wp\/v2\/comments?post=17176"}],"version-history":[{"count":1,"href":"http:\/\/zonade3.com.ar\/blog\/wp-json\/wp\/v2\/posts\/17176\/revisions"}],"predecessor-version":[{"id":17177,"href":"http:\/\/zonade3.com.ar\/blog\/wp-json\/wp\/v2\/posts\/17176\/revisions\/17177"}],"wp:featuredmedia":[{"embeddable":true,"href":"http:\/\/zonade3.com.ar\/blog\/wp-json\/wp\/v2\/media\/15367"}],"wp:attachment":[{"href":"http:\/\/zonade3.com.ar\/blog\/wp-json\/wp\/v2\/media?parent=17176"}],"wp:term":[{"taxonomy":"category","embeddable":true,"href":"http:\/\/zonade3.com.ar\/blog\/wp-json\/wp\/v2\/categories?post=17176"},{"taxonomy":"post_tag","embeddable":true,"href":"http:\/\/zonade3.com.ar\/blog\/wp-json\/wp\/v2\/tags?post=17176"}],"curies":[{"name":"wp","href":"https:\/\/api.w.org\/{rel}","templated":true}]}}