{"id":17178,"date":"2025-12-02T12:03:23","date_gmt":"2025-12-02T12:03:23","guid":{"rendered":"http:\/\/zonade3.com.ar\/blog\/?p=17178"},"modified":"2025-12-02T19:36:44","modified_gmt":"2025-12-02T19:36:44","slug":"apuntan-a-un-interasociativo-para-el-segundo-semestre-en-una-panorama-abierto","status":"publish","type":"post","link":"http:\/\/zonade3.com.ar\/blog\/apuntan-a-un-interasociativo-para-el-segundo-semestre-en-una-panorama-abierto\/","title":{"rendered":"Apuntan a un Interasociativo para el segundo semestre en un panorama abierto"},"content":{"rendered":"\n<p>Se llev\u00f3 a cabo la reuni\u00f3n de la Asoc. Morterense donde uno de los temas centrales entre los presentes fue analizar la posibilidad de la conformaci\u00f3n de un Interasociativo para el a\u00f1o pr\u00f3ximo con la Asoc. de San Francisco. Aqu\u00ed, algunos apuntes.<br><br>Seg\u00fan fuentes consultadas por nuestro medio, por ahora y por el primer semestre del 2026, seguir\u00eda todo igual, teniendo en cuenta los compromisos que tienen los clubes en formativas con los Torneos Provinciales m\u00e1s lo referido al Asociativo. De todos modos, el an\u00e1lisis est\u00e1 abierto apuntando al segundo semestre. Fue un c\u00f3nclave para avanzar en el tema con la postura y la visi\u00f3n de cada uno de los delegados. <\/p>\n\n\n\n<p>Por lo expuesto, hay cierto consenso que la vinculaci\u00f3n entre ambas entidades ser\u00eda bueno para la competencia. Sin embargo, hay que ver detenidamente el formato.<\/p>\n\n\n\n<p>Obviamente que la determinaci\u00f3n principal pasar\u00e1 por los clubes, pero es necesario tener en cuenta la intenci\u00f3n de FBPC por regionalizar si sumamos el dato de la reciente venida de la c\u00fapula dirigencial federativa a San Guillermo explicando los motivos por lo que considera positivo unir esta Regi\u00f3n deportiva, mas si se contempla la realidad competitiva de San Francisco con pocos clubes. <\/p>\n\n\n\n<p>Por \u00faltimo, destacar que el tema econ\u00f3mico siempre es un factor preponderamente en el presente. Se puso sobre la mesa de discusi\u00f3n, por lo que surgieron algunas posibilidades. Por ejemplo y siempre en potencial, hacer un Interasociativo a una rueda, estando \u00abparecidos\u00bb en kil\u00f3metros a lo que se hace en la Morterense en dos ruedas en el Torneo Clausura.<br><br>El tema, por supuesto sigue abierto, aunque seguir\u00eda sobrevolando la escena la sensaci\u00f3n que, m\u00e1s temprano que tarde, la regionalizaci\u00f3n ser\u00e1 una realidad. <br><br>Luciano Seraf\u00edn <\/p>\n","protected":false},"excerpt":{"rendered":"<p>Se llev\u00f3 a cabo la reuni\u00f3n de la Asoc. Morterense donde uno de los temas centrales entre los<\/p>\n","protected":false},"author":2,"featured_media":17179,"comment_status":"open","ping_status":"open","sticky":false,"template":"","format":"standard","meta":{"footnotes":""},"categories":[6],"tags":[],"class_list":["post-17178","post","type-post","status-publish","format-standard","has-post-thumbnail","hentry","category-asoc-morteros"],"_links":{"self":[{"href":"http:\/\/zonade3.com.ar\/blog\/wp-json\/wp\/v2\/posts\/17178","targetHints":{"allow":["GET"]}}],"collection":[{"href":"http:\/\/zonade3.com.ar\/blog\/wp-json\/wp\/v2\/posts"}],"about":[{"href":"http:\/\/zonade3.com.ar\/blog\/wp-json\/wp\/v2\/types\/post"}],"author":[{"embeddable":true,"href":"http:\/\/zonade3.com.ar\/blog\/wp-json\/wp\/v2\/users\/2"}],"replies":[{"embeddable":true,"href":"http:\/\/zonade3.com.ar\/blog\/wp-json\/wp\/v2\/comments?post=17178"}],"version-history":[{"count":2,"href":"http:\/\/zonade3.com.ar\/blog\/wp-json\/wp\/v2\/posts\/17178\/revisions"}],"predecessor-version":[{"id":17181,"href":"http:\/\/zonade3.com.ar\/blog\/wp-json\/wp\/v2\/posts\/17178\/revisions\/17181"}],"wp:featuredmedia":[{"embeddable":true,"href":"http:\/\/zonade3.com.ar\/blog\/wp-json\/wp\/v2\/media\/17179"}],"wp:attachment":[{"href":"http:\/\/zonade3.com.ar\/blog\/wp-json\/wp\/v2\/media?parent=17178"}],"wp:term":[{"taxonomy":"category","embeddable":true,"href":"http:\/\/zonade3.com.ar\/blog\/wp-json\/wp\/v2\/categories?post=17178"},{"taxonomy":"post_tag","embeddable":true,"href":"http:\/\/zonade3.com.ar\/blog\/wp-json\/wp\/v2\/tags?post=17178"}],"curies":[{"name":"wp","href":"https:\/\/api.w.org\/{rel}","templated":true}]}}