{"id":17191,"date":"2025-12-05T03:38:28","date_gmt":"2025-12-05T03:38:28","guid":{"rendered":"http:\/\/zonade3.com.ar\/blog\/?p=17191"},"modified":"2025-12-05T03:42:48","modified_gmt":"2025-12-05T03:42:48","slug":"union-y-juventud-gano-el-primero-de-visita","status":"publish","type":"post","link":"http:\/\/zonade3.com.ar\/blog\/union-y-juventud-gano-el-primero-de-visita\/","title":{"rendered":"Uni\u00f3n y Juventud gan\u00f3 el primero de visita"},"content":{"rendered":"\n<p>Hurac\u00e1n (SJ) no pudo con Uni\u00f3n y Juventud de Bandera, partido que llev\u00f3 a cabo con el plantel cort\u00edsimo: sin Zamudio y sin Morel (todav\u00eda pagando la suspensi\u00f3n tras aquella final caliente ante C\u00edrculo de Vera). El Verde tuvo que remar ante un rival de jerarqu\u00eda y sin rotaci\u00f3n real. <\/p>\n\n\n\n<p>Uni\u00f3n y Juventud aprovech\u00f3 cada grieta, manej\u00f3 los ritmos y termin\u00f3 imponi\u00e9ndose por 70-51 con parciales de 5-15\/ 18-17\/ 11-23 y 17-15. Las estad\u00edsticas lo cuentan con la frialdad de los n\u00fameros: Mat\u00edas D\u00edaz dej\u00f3 17 puntos y 6 rebotes, Franccesco Maggi sum\u00f3 11 con 6 rebotes y 4 asistencias y Fernando Borda aport\u00f3 9 m\u00e1s 8 rebotes.<br><br>En el elenco de Bandera, Gabriel Coronel y Milton Vittar sumaron 16 tantos cada uno, seguidos por Lazaro Cancinos con 11 puntos.<\/p>\n\n\n\n<p>El Verde local luch\u00f3, meti\u00f3, corri\u00f3, pero la falta de recambio lo termin\u00f3 desgastando. Uni\u00f3n y Juventud cerr\u00f3 mejor, con m\u00e1s ox\u00edgeno, m\u00e1s variantes y mayor contundencia.<\/p>\n\n\n\n<p>El segundo punto ser\u00e1 de esta manera:<\/p>\n\n\n\n<p>UNI\u00d3N y JUVENTUD BANDERA VS HURAC\u00c1N DE SAN JAVIER<\/p>\n\n\n\n<p>DOMINGO &#8211; 20.45 hs<br><br>El otro cruce lo gana Atletico Tostado. El elenco tostadense hizo su estreno con una importante victoria frente a C\u00edrculo Recreativo de Vera. En el \u00abGigante de la Villa Recretativa\u00bb fue dominado de principio a fin por el CAT que se impuso por 83-49. El otro duelo ser\u00e1 en Vera:<br><br>CIRCULO RECREATIVO VERA &#8211; ATL\u00c9TICO TOSTADO<br><br>VIERNES 5 &#8211; 21 30 HS<br><br>Fuente consultada: @cah.1921<\/p>\n","protected":false},"excerpt":{"rendered":"<p>Hurac\u00e1n (SJ) no pudo con Uni\u00f3n y Juventud de Bandera, partido que llev\u00f3 a cabo con el plantel<\/p>\n","protected":false},"author":2,"featured_media":17192,"comment_status":"open","ping_status":"open","sticky":false,"template":"","format":"standard","meta":{"footnotes":""},"categories":[18],"tags":[],"class_list":["post-17191","post","type-post","status-publish","format-standard","has-post-thumbnail","hentry","category-prefederal"],"_links":{"self":[{"href":"http:\/\/zonade3.com.ar\/blog\/wp-json\/wp\/v2\/posts\/17191","targetHints":{"allow":["GET"]}}],"collection":[{"href":"http:\/\/zonade3.com.ar\/blog\/wp-json\/wp\/v2\/posts"}],"about":[{"href":"http:\/\/zonade3.com.ar\/blog\/wp-json\/wp\/v2\/types\/post"}],"author":[{"embeddable":true,"href":"http:\/\/zonade3.com.ar\/blog\/wp-json\/wp\/v2\/users\/2"}],"replies":[{"embeddable":true,"href":"http:\/\/zonade3.com.ar\/blog\/wp-json\/wp\/v2\/comments?post=17191"}],"version-history":[{"count":2,"href":"http:\/\/zonade3.com.ar\/blog\/wp-json\/wp\/v2\/posts\/17191\/revisions"}],"predecessor-version":[{"id":17194,"href":"http:\/\/zonade3.com.ar\/blog\/wp-json\/wp\/v2\/posts\/17191\/revisions\/17194"}],"wp:featuredmedia":[{"embeddable":true,"href":"http:\/\/zonade3.com.ar\/blog\/wp-json\/wp\/v2\/media\/17192"}],"wp:attachment":[{"href":"http:\/\/zonade3.com.ar\/blog\/wp-json\/wp\/v2\/media?parent=17191"}],"wp:term":[{"taxonomy":"category","embeddable":true,"href":"http:\/\/zonade3.com.ar\/blog\/wp-json\/wp\/v2\/categories?post=17191"},{"taxonomy":"post_tag","embeddable":true,"href":"http:\/\/zonade3.com.ar\/blog\/wp-json\/wp\/v2\/tags?post=17191"}],"curies":[{"name":"wp","href":"https:\/\/api.w.org\/{rel}","templated":true}]}}