{"id":17216,"date":"2025-12-16T03:49:21","date_gmt":"2025-12-16T03:49:21","guid":{"rendered":"http:\/\/zonade3.com.ar\/blog\/?p=17216"},"modified":"2025-12-16T03:53:57","modified_gmt":"2025-12-16T03:53:57","slug":"asoc-rafaelina-inicio-contactos-con-la-asoc-de-san-francisco","status":"publish","type":"post","link":"http:\/\/zonade3.com.ar\/blog\/asoc-rafaelina-inicio-contactos-con-la-asoc-de-san-francisco\/","title":{"rendered":"Asoc. Rafaelina inici\u00f3 contactos con la Asoc. de San Francisco"},"content":{"rendered":"\n<p>As\u00ed lo confirm\u00f3 a nuestro medio su presidente, Federico Pronotti. La idea de los rafaelinos es armar una competencia un a\u00f1o \u00aba prueba\u00bb con ambas ramas (femenina y masculina) y en todas las categor\u00edas. <br><br>El directivo cont\u00f3 que establecieron diferentes charlas \u00abinformales\u00bb con autoridades de la Asoc. de San Francisco y un par de clubes que la componen. Esta invitaci\u00f3n al di\u00e1logo se da en el marco de las deliberaciones que tambi\u00e9n se est\u00e1n llevando adelante en torno a la propuesta de Interasociativo entre Morteros y San Francisco. <br><br>Seg\u00fan fuentes consultadas, a los clubes sanfrancisque\u00f1os no les termina de convencer la idea de desarrollar un torneo para el segundo semestre e insistir\u00edan en ir por una propuesta anual. De todos modos, por lo que averiguamos de manera \u00abno oficial\u00bb, la prioridad pasar\u00eda por las tratativas que est\u00e1n llevando adelante con Morteros.<\/p>\n\n\n\n<p>Igualmente, es conveniente destacar que habr\u00eda una intenci\u00f3n marcada de los clubes de la Asoc. Morterense en trabajar en conjunto a la hora de arribar a una determinaci\u00f3n final y sostener que la \u00faltima palabra siempre la tienen estas entidades. <br><br>No obstante, pareciera dif\u00edcil encontrar concreciones al tema antes del cierre del a\u00f1o, teniendo en cuenta que los clubes de esta zona est\u00e1n enfrascados en sus cuestiones internas, a saber, con Libertad de Villa Trinidad en una situaci\u00f3n dif\u00edcil para hacer Primera y en algunos clubes definiendo cuerpos t\u00e9cnicos y el armado de la actividad con vistas al a\u00f1o proximo. <br><br><\/p>\n\n\n\n<p><\/p>\n","protected":false},"excerpt":{"rendered":"<p>As\u00ed lo confirm\u00f3 a nuestro medio su presidente, Federico Pronotti. La idea de los rafaelinos es armar una<\/p>\n","protected":false},"author":2,"featured_media":17217,"comment_status":"open","ping_status":"open","sticky":false,"template":"","format":"standard","meta":{"footnotes":""},"categories":[9],"tags":[],"class_list":["post-17216","post","type-post","status-publish","format-standard","has-post-thumbnail","hentry","category-asociativas"],"_links":{"self":[{"href":"http:\/\/zonade3.com.ar\/blog\/wp-json\/wp\/v2\/posts\/17216","targetHints":{"allow":["GET"]}}],"collection":[{"href":"http:\/\/zonade3.com.ar\/blog\/wp-json\/wp\/v2\/posts"}],"about":[{"href":"http:\/\/zonade3.com.ar\/blog\/wp-json\/wp\/v2\/types\/post"}],"author":[{"embeddable":true,"href":"http:\/\/zonade3.com.ar\/blog\/wp-json\/wp\/v2\/users\/2"}],"replies":[{"embeddable":true,"href":"http:\/\/zonade3.com.ar\/blog\/wp-json\/wp\/v2\/comments?post=17216"}],"version-history":[{"count":2,"href":"http:\/\/zonade3.com.ar\/blog\/wp-json\/wp\/v2\/posts\/17216\/revisions"}],"predecessor-version":[{"id":17220,"href":"http:\/\/zonade3.com.ar\/blog\/wp-json\/wp\/v2\/posts\/17216\/revisions\/17220"}],"wp:featuredmedia":[{"embeddable":true,"href":"http:\/\/zonade3.com.ar\/blog\/wp-json\/wp\/v2\/media\/17217"}],"wp:attachment":[{"href":"http:\/\/zonade3.com.ar\/blog\/wp-json\/wp\/v2\/media?parent=17216"}],"wp:term":[{"taxonomy":"category","embeddable":true,"href":"http:\/\/zonade3.com.ar\/blog\/wp-json\/wp\/v2\/categories?post=17216"},{"taxonomy":"post_tag","embeddable":true,"href":"http:\/\/zonade3.com.ar\/blog\/wp-json\/wp\/v2\/tags?post=17216"}],"curies":[{"name":"wp","href":"https:\/\/api.w.org\/{rel}","templated":true}]}}