{"id":17364,"date":"2026-01-14T02:31:52","date_gmt":"2026-01-14T02:31:52","guid":{"rendered":"http:\/\/zonade3.com.ar\/blog\/?p=17364"},"modified":"2026-01-14T02:31:54","modified_gmt":"2026-01-14T02:31:54","slug":"el-ceibo-ajusta-su-plantel-ante-el-nuevo-desafio","status":"publish","type":"post","link":"http:\/\/zonade3.com.ar\/blog\/el-ceibo-ajusta-su-plantel-ante-el-nuevo-desafio\/","title":{"rendered":"El Ceibo ajusta su plantel ante el nuevo desaf\u00edo"},"content":{"rendered":"\n<p>El Ceibo de San Francisco se prepara con todo para iniciar la pretemporada con vistas a la Liga Federal. Tras la baja de la competencia por parte de 9 de Julio de Morteros, La Flor Nacional qued\u00f3 como \u00fanico representante basquetbol\u00edstico de la zona en la tercera categor\u00eda.<\/p>\n\n\n\n<p>Recordemos que continuar\u00e1n esta temporada Esteban Ledesma, Gabriel Rojas, el suardense Santiago Andrione y Pablo Grosso, m\u00e1s la llegada del tirador ex 9 de Julio, Mart\u00edn Confalonieri. Entre los U21, seguir\u00e1n Matteo Blengini, Manuel Mor\u00e1n, el pivot Ezequiel Horen y Genaro Rinaldi.<\/p>\n\n\n\n<p>Lo mas reciente es lo del alero Emanuel C\u00f3rdoba. Es de Sunchales, categor\u00eda 2006 y proviene de Libertad. Bajo este marco, Eduardo Blengini tendr\u00e1 todo el plantel completo para iniciar los trabajos y a la espera de como ser\u00e1n los grupos. La misma tiene fecha de inicio para los primeros d\u00edas del mes de marzo.<\/p>\n\n\n\n<p><\/p>\n","protected":false},"excerpt":{"rendered":"<p>El Ceibo de San Francisco se prepara con todo para iniciar la pretemporada con vistas a la Liga<\/p>\n","protected":false},"author":2,"featured_media":17365,"comment_status":"open","ping_status":"open","sticky":false,"template":"","format":"standard","meta":{"footnotes":""},"categories":[5],"tags":[],"class_list":["post-17364","post","type-post","status-publish","format-standard","has-post-thumbnail","hentry","category-liga-federal"],"_links":{"self":[{"href":"http:\/\/zonade3.com.ar\/blog\/wp-json\/wp\/v2\/posts\/17364","targetHints":{"allow":["GET"]}}],"collection":[{"href":"http:\/\/zonade3.com.ar\/blog\/wp-json\/wp\/v2\/posts"}],"about":[{"href":"http:\/\/zonade3.com.ar\/blog\/wp-json\/wp\/v2\/types\/post"}],"author":[{"embeddable":true,"href":"http:\/\/zonade3.com.ar\/blog\/wp-json\/wp\/v2\/users\/2"}],"replies":[{"embeddable":true,"href":"http:\/\/zonade3.com.ar\/blog\/wp-json\/wp\/v2\/comments?post=17364"}],"version-history":[{"count":1,"href":"http:\/\/zonade3.com.ar\/blog\/wp-json\/wp\/v2\/posts\/17364\/revisions"}],"predecessor-version":[{"id":17366,"href":"http:\/\/zonade3.com.ar\/blog\/wp-json\/wp\/v2\/posts\/17364\/revisions\/17366"}],"wp:featuredmedia":[{"embeddable":true,"href":"http:\/\/zonade3.com.ar\/blog\/wp-json\/wp\/v2\/media\/17365"}],"wp:attachment":[{"href":"http:\/\/zonade3.com.ar\/blog\/wp-json\/wp\/v2\/media?parent=17364"}],"wp:term":[{"taxonomy":"category","embeddable":true,"href":"http:\/\/zonade3.com.ar\/blog\/wp-json\/wp\/v2\/categories?post=17364"},{"taxonomy":"post_tag","embeddable":true,"href":"http:\/\/zonade3.com.ar\/blog\/wp-json\/wp\/v2\/tags?post=17364"}],"curies":[{"name":"wp","href":"https:\/\/api.w.org\/{rel}","templated":true}]}}