{"id":17377,"date":"2026-01-16T20:36:52","date_gmt":"2026-01-16T20:36:52","guid":{"rendered":"http:\/\/zonade3.com.ar\/blog\/?p=17377"},"modified":"2026-01-16T20:38:52","modified_gmt":"2026-01-16T20:38:52","slug":"el-oficialismo-convoca-a-los-clubes","status":"publish","type":"post","link":"http:\/\/zonade3.com.ar\/blog\/el-oficialismo-convoca-a-los-clubes\/","title":{"rendered":"El Oficialismo de la ARB convoca a los clubes"},"content":{"rendered":"\n<p>La Asociaci\u00f3n Rafaelina ha anunciado recientemente un encuentro con los representantes de los clubes para presentar las propuestas del oficialismo liderado por el presidente Federico Pronotti con vistas a la temporada 2026. La reuni\u00f3n est\u00e1 programada para el mi\u00e9rcoles 21 de enero a las 20:30 horas en la sede de la ARB, donde se espera la participaci\u00f3n de los delegados de los clubes. <\/p>\n\n\n\n<p>Este encuentro sigue a tono de un clima de ebullici\u00f3n en la ARB tras las convocatorias realizadas por la oposici\u00f3n, encabezada por Rub\u00e9n Ferrario, que tambi\u00e9n busca asumir la presidencia del b\u00e1squet local. <strong>La gesti\u00f3n de Pronotti siempre mostr\u00f3 una actitud aperturista, buscando mayor competencia y en ese marco de potenciales propuestas, sobrevuela la idea de una gran competencia con la Asoc. Morterense. <\/strong><br><br>El comunicado oficial indica lo siguiente: \u00abla Comisi\u00f3n Directiva de la Asociaci\u00f3n Rafaelina de B\u00e1squet convoca a los clubes afiliados a participar de un encuentro institucional de di\u00e1logo y escucha, orientado a la construcci\u00f3n colectiva de propuestas de cara a la Temporada 2026.<br><br>Entendemos que los desaf\u00edos actuales y futuros del deporte requieren miradas amplias, participaci\u00f3n activa y consensos s\u00f3lidos, por lo que consideramos fundamental generar un \u00e1mbito donde cada instituci\u00f3n pueda expresar sus inquietudes y aportes en materia deportiva.<br><br>Este espacio tiene como objetivo fortalecer la vida democr\u00e1tica de la entidad, promover la participaci\u00f3n de los clubes y avanzar en la definici\u00f3n de lineamientos que reflejen una visi\u00f3n com\u00fan, plural y representativa del conjunto. La presencia y el compromiso de cada club resultan esenciales para continuar construyendo una organizaci\u00f3n m\u00e1s participativa, transparente y con proyecci\u00f3n a largo plazo\u00bb.<br><\/p>\n\n\n\n<p><\/p>\n","protected":false},"excerpt":{"rendered":"<p>La Asociaci\u00f3n Rafaelina ha anunciado recientemente un encuentro con los representantes de los clubes para presentar las propuestas<\/p>\n","protected":false},"author":2,"featured_media":17217,"comment_status":"open","ping_status":"open","sticky":false,"template":"","format":"standard","meta":{"footnotes":""},"categories":[9],"tags":[],"class_list":["post-17377","post","type-post","status-publish","format-standard","has-post-thumbnail","hentry","category-asociativas"],"_links":{"self":[{"href":"http:\/\/zonade3.com.ar\/blog\/wp-json\/wp\/v2\/posts\/17377","targetHints":{"allow":["GET"]}}],"collection":[{"href":"http:\/\/zonade3.com.ar\/blog\/wp-json\/wp\/v2\/posts"}],"about":[{"href":"http:\/\/zonade3.com.ar\/blog\/wp-json\/wp\/v2\/types\/post"}],"author":[{"embeddable":true,"href":"http:\/\/zonade3.com.ar\/blog\/wp-json\/wp\/v2\/users\/2"}],"replies":[{"embeddable":true,"href":"http:\/\/zonade3.com.ar\/blog\/wp-json\/wp\/v2\/comments?post=17377"}],"version-history":[{"count":2,"href":"http:\/\/zonade3.com.ar\/blog\/wp-json\/wp\/v2\/posts\/17377\/revisions"}],"predecessor-version":[{"id":17379,"href":"http:\/\/zonade3.com.ar\/blog\/wp-json\/wp\/v2\/posts\/17377\/revisions\/17379"}],"wp:featuredmedia":[{"embeddable":true,"href":"http:\/\/zonade3.com.ar\/blog\/wp-json\/wp\/v2\/media\/17217"}],"wp:attachment":[{"href":"http:\/\/zonade3.com.ar\/blog\/wp-json\/wp\/v2\/media?parent=17377"}],"wp:term":[{"taxonomy":"category","embeddable":true,"href":"http:\/\/zonade3.com.ar\/blog\/wp-json\/wp\/v2\/categories?post=17377"},{"taxonomy":"post_tag","embeddable":true,"href":"http:\/\/zonade3.com.ar\/blog\/wp-json\/wp\/v2\/tags?post=17377"}],"curies":[{"name":"wp","href":"https:\/\/api.w.org\/{rel}","templated":true}]}}