{"id":17380,"date":"2026-01-18T06:05:56","date_gmt":"2026-01-18T06:05:56","guid":{"rendered":"http:\/\/zonade3.com.ar\/blog\/?p=17380"},"modified":"2026-01-18T06:05:58","modified_gmt":"2026-01-18T06:05:58","slug":"nueva-derrota-de-sportivo-en-la-rioja","status":"publish","type":"post","link":"http:\/\/zonade3.com.ar\/blog\/nueva-derrota-de-sportivo-en-la-rioja\/","title":{"rendered":"Nueva derrota de Sportivo en La Rioja"},"content":{"rendered":"\n<p>Fusi\u00f3n Riojana volvi\u00f3 a la victoria al imponerse como local ante Sportivo Suardi por 87 a 83, en un partido intenso y cambiante. El equipo riojano mostr\u00f3 car\u00e1cter, se repuso en el desarrollo del juego y encontr\u00f3 respuestas claras en el segundo tiempo. Los m\u00e1ximos anotadores de la noche fueron Lautaro Vel\u00e1zquez, con 20 puntos para Fusi\u00f3n, y Santiago Calder\u00f3n, autor de 24 unidades en el conjunto santafesino.<br><br>El equipo de Andr\u00e9s Poi tiene r\u00e9cord adverso de 6\/8 y se mantiene en la parte baja de las posiciones. Este domingo, jugar\u00e1 ante el complicado Amancay.<\/p>\n\n\n\n<p>Desde el inicio, el encuentro fue parejo. Sportivo arranc\u00f3 mejor, encontrando efectividad en ataque y cerrando el primer cuarto con una leve ventaja. Sin embargo, Fusi\u00f3n ajust\u00f3 su defensa en el segundo per\u00edodo y logr\u00f3 imponer su ritmo, apoyado en el trabajo de Juan Manuel Rodr\u00edguez Llarena y Fabricio D\u00edaz, quienes dominaron el juego interno y permitieron que el local se fuera al descanso largo arriba en el marcador.<\/p>\n\n\n\n<p>En el tercer cuarto, el tr\u00e1mite volvi\u00f3 a equilibrarse. Sportivo Suardi recuper\u00f3 intensidad y nuevamente tuvo en Calder\u00f3n a su principal referencia ofensiva, recortando diferencias y pasando al frente durante varios pasajes del parcial.<\/p>\n\n\n\n<p>Ya en el \u00faltimo segmento, Fusi\u00f3n mostr\u00f3 su mejor versi\u00f3n. Lautaro Vel\u00e1zquez se adue\u00f1\u00f3 de la pintura, gan\u00f3 presencia cerca del aro y fue determinante en los momentos decisivos, mientras el equipo sostuvo la defensa y encontr\u00f3 puntos clave para cerrar el juego. Del lado visitante, Calder\u00f3n extendi\u00f3 su buen momento desde la base, conduciendo y anotando tanto con bandejas como con lanzamientos externos, aunque no fue suficiente para revertir el resultado.<\/p>\n","protected":false},"excerpt":{"rendered":"<p>Fusi\u00f3n Riojana volvi\u00f3 a la victoria al imponerse como local ante Sportivo Suardi por 87 a 83, en<\/p>\n","protected":false},"author":2,"featured_media":17381,"comment_status":"open","ping_status":"open","sticky":false,"template":"","format":"standard","meta":{"footnotes":""},"categories":[2],"tags":[],"class_list":["post-17380","post","type-post","status-publish","format-standard","has-post-thumbnail","hentry","category-liga-argentina"],"_links":{"self":[{"href":"http:\/\/zonade3.com.ar\/blog\/wp-json\/wp\/v2\/posts\/17380","targetHints":{"allow":["GET"]}}],"collection":[{"href":"http:\/\/zonade3.com.ar\/blog\/wp-json\/wp\/v2\/posts"}],"about":[{"href":"http:\/\/zonade3.com.ar\/blog\/wp-json\/wp\/v2\/types\/post"}],"author":[{"embeddable":true,"href":"http:\/\/zonade3.com.ar\/blog\/wp-json\/wp\/v2\/users\/2"}],"replies":[{"embeddable":true,"href":"http:\/\/zonade3.com.ar\/blog\/wp-json\/wp\/v2\/comments?post=17380"}],"version-history":[{"count":1,"href":"http:\/\/zonade3.com.ar\/blog\/wp-json\/wp\/v2\/posts\/17380\/revisions"}],"predecessor-version":[{"id":17382,"href":"http:\/\/zonade3.com.ar\/blog\/wp-json\/wp\/v2\/posts\/17380\/revisions\/17382"}],"wp:featuredmedia":[{"embeddable":true,"href":"http:\/\/zonade3.com.ar\/blog\/wp-json\/wp\/v2\/media\/17381"}],"wp:attachment":[{"href":"http:\/\/zonade3.com.ar\/blog\/wp-json\/wp\/v2\/media?parent=17380"}],"wp:term":[{"taxonomy":"category","embeddable":true,"href":"http:\/\/zonade3.com.ar\/blog\/wp-json\/wp\/v2\/categories?post=17380"},{"taxonomy":"post_tag","embeddable":true,"href":"http:\/\/zonade3.com.ar\/blog\/wp-json\/wp\/v2\/tags?post=17380"}],"curies":[{"name":"wp","href":"https:\/\/api.w.org\/{rel}","templated":true}]}}