{"id":17387,"date":"2026-01-21T01:37:41","date_gmt":"2026-01-21T01:37:41","guid":{"rendered":"http:\/\/zonade3.com.ar\/blog\/?p=17387"},"modified":"2026-01-21T01:38:09","modified_gmt":"2026-01-21T01:38:09","slug":"sportivo-arranco-con-los-trabajos-de-pretemporada","status":"publish","type":"post","link":"http:\/\/zonade3.com.ar\/blog\/sportivo-arranco-con-los-trabajos-de-pretemporada\/","title":{"rendered":"Sportivo arranc\u00f3 con los trabajos de pretemporada"},"content":{"rendered":"\n<p>Club Sportivo Suardi da sus primeros pasos en la preparaci\u00f3n con vistas a la temporada asociativa. El Rojiblanco ya tiene el staff de entrenadores definido e incluso, en las ultimas horas, tuvo una nueva incorporaci\u00f3n. <br><br>Se trata del entrenador Danilo Buyatti (foto) que se suma al cuerpo t\u00e9cnico con el objetivo de dirgir U13 y U15. Por su parte, Horacio Rigada va a dirigir U17 mientras que Leo Gandolfo ser\u00e1 el encargado de U21 y la Primera Divisi\u00f3n Local. El Entrenador en Jefe es Andr\u00e9s \u00abZurdo\u00bb Poi, que encabeza el cuerpo t\u00e9cnico del plantel de Liga Argentina. <br><br>En tanto, Santiago Nicola cumplir\u00e1 funciones en el Minibasquet junto con Alvaro Far\u00edas, Evangelina Mondino y los monitores. El referente del \u00e1rea de preparaci\u00f3n fisica es el Profesor Kevin Boscarol.<br><\/p>\n","protected":false},"excerpt":{"rendered":"<p>Club Sportivo Suardi da sus primeros pasos en la preparaci\u00f3n con vistas a la temporada asociativa. El Rojiblanco<\/p>\n","protected":false},"author":2,"featured_media":17388,"comment_status":"open","ping_status":"open","sticky":false,"template":"","format":"standard","meta":{"footnotes":""},"categories":[6],"tags":[],"class_list":["post-17387","post","type-post","status-publish","format-standard","has-post-thumbnail","hentry","category-asoc-morteros"],"_links":{"self":[{"href":"http:\/\/zonade3.com.ar\/blog\/wp-json\/wp\/v2\/posts\/17387","targetHints":{"allow":["GET"]}}],"collection":[{"href":"http:\/\/zonade3.com.ar\/blog\/wp-json\/wp\/v2\/posts"}],"about":[{"href":"http:\/\/zonade3.com.ar\/blog\/wp-json\/wp\/v2\/types\/post"}],"author":[{"embeddable":true,"href":"http:\/\/zonade3.com.ar\/blog\/wp-json\/wp\/v2\/users\/2"}],"replies":[{"embeddable":true,"href":"http:\/\/zonade3.com.ar\/blog\/wp-json\/wp\/v2\/comments?post=17387"}],"version-history":[{"count":2,"href":"http:\/\/zonade3.com.ar\/blog\/wp-json\/wp\/v2\/posts\/17387\/revisions"}],"predecessor-version":[{"id":17390,"href":"http:\/\/zonade3.com.ar\/blog\/wp-json\/wp\/v2\/posts\/17387\/revisions\/17390"}],"wp:featuredmedia":[{"embeddable":true,"href":"http:\/\/zonade3.com.ar\/blog\/wp-json\/wp\/v2\/media\/17388"}],"wp:attachment":[{"href":"http:\/\/zonade3.com.ar\/blog\/wp-json\/wp\/v2\/media?parent=17387"}],"wp:term":[{"taxonomy":"category","embeddable":true,"href":"http:\/\/zonade3.com.ar\/blog\/wp-json\/wp\/v2\/categories?post=17387"},{"taxonomy":"post_tag","embeddable":true,"href":"http:\/\/zonade3.com.ar\/blog\/wp-json\/wp\/v2\/tags?post=17387"}],"curies":[{"name":"wp","href":"https:\/\/api.w.org\/{rel}","templated":true}]}}