{"id":17391,"date":"2026-01-21T02:08:19","date_gmt":"2026-01-21T02:08:19","guid":{"rendered":"http:\/\/zonade3.com.ar\/blog\/?p=17391"},"modified":"2026-01-21T02:08:21","modified_gmt":"2026-01-21T02:08:21","slug":"centro-social-comenzo-la-era-lucato","status":"publish","type":"post","link":"http:\/\/zonade3.com.ar\/blog\/centro-social-comenzo-la-era-lucato\/","title":{"rendered":"Centro Social comenz\u00f3 la era Lucato"},"content":{"rendered":"\n<p>Bajo las \u00f3rdenes del sunchalense Gustavo Lucato, Centro Social de Brinkmann inici\u00f3 este lunes sus entrenamientos de pretemporada 2026. En primer turno asistieron los chicos de U15, posteriormente lo hicieron las categor\u00edas U17 y U21, y finalmente el equipo de primera divisi\u00f3n. En las pr\u00f3ximas semanas comenzar\u00e1n tambi\u00e9n las divisiones restantes.<br><br>Previo al inicio de cada categor\u00eda, la Presidente del Club, Anabel Ferrero, junto a miembros de Comisi\u00f3n Directiva y subcomisi\u00f3n brindaron la bienvenida formal a Lucato, deseando el mayor de los \u00e9xitos en esta nueva etapa.<br><br>En cuanto al equipo de primera divisi\u00f3n, la subcomisi\u00f3n se mostr\u00f3 muy conforme por la continuidad de gran parte del equipo del pasado a\u00f1o, el cual se destac\u00f3 a nivel regional y provincial. El experimentado DT contar\u00e1 en su equipo, entre otros, con: Facundo Costamagna, Francisco Bergesio, Nicol\u00e1s Antonielli, Facundo Valdez, Mart\u00edn Camusso y Alexis Chialvo, a la espera de las \u00faltimas confirmaciones para cerrar el plantel.<br><br>De esta manera, Centro comienza a prepararse para lo que ser\u00e1 el nuevo Torneo Interasociativo y para las ligas provinciales en las diferentes categor\u00edas.<\/p>\n","protected":false},"excerpt":{"rendered":"<p>Bajo las \u00f3rdenes del sunchalense Gustavo Lucato, Centro Social de Brinkmann inici\u00f3 este lunes sus entrenamientos de pretemporada<\/p>\n","protected":false},"author":2,"featured_media":17392,"comment_status":"open","ping_status":"open","sticky":false,"template":"","format":"standard","meta":{"footnotes":""},"categories":[6],"tags":[],"class_list":["post-17391","post","type-post","status-publish","format-standard","has-post-thumbnail","hentry","category-asoc-morteros"],"_links":{"self":[{"href":"http:\/\/zonade3.com.ar\/blog\/wp-json\/wp\/v2\/posts\/17391","targetHints":{"allow":["GET"]}}],"collection":[{"href":"http:\/\/zonade3.com.ar\/blog\/wp-json\/wp\/v2\/posts"}],"about":[{"href":"http:\/\/zonade3.com.ar\/blog\/wp-json\/wp\/v2\/types\/post"}],"author":[{"embeddable":true,"href":"http:\/\/zonade3.com.ar\/blog\/wp-json\/wp\/v2\/users\/2"}],"replies":[{"embeddable":true,"href":"http:\/\/zonade3.com.ar\/blog\/wp-json\/wp\/v2\/comments?post=17391"}],"version-history":[{"count":1,"href":"http:\/\/zonade3.com.ar\/blog\/wp-json\/wp\/v2\/posts\/17391\/revisions"}],"predecessor-version":[{"id":17393,"href":"http:\/\/zonade3.com.ar\/blog\/wp-json\/wp\/v2\/posts\/17391\/revisions\/17393"}],"wp:featuredmedia":[{"embeddable":true,"href":"http:\/\/zonade3.com.ar\/blog\/wp-json\/wp\/v2\/media\/17392"}],"wp:attachment":[{"href":"http:\/\/zonade3.com.ar\/blog\/wp-json\/wp\/v2\/media?parent=17391"}],"wp:term":[{"taxonomy":"category","embeddable":true,"href":"http:\/\/zonade3.com.ar\/blog\/wp-json\/wp\/v2\/categories?post=17391"},{"taxonomy":"post_tag","embeddable":true,"href":"http:\/\/zonade3.com.ar\/blog\/wp-json\/wp\/v2\/tags?post=17391"}],"curies":[{"name":"wp","href":"https:\/\/api.w.org\/{rel}","templated":true}]}}