{"id":17398,"date":"2026-01-23T14:20:44","date_gmt":"2026-01-23T14:20:44","guid":{"rendered":"http:\/\/zonade3.com.ar\/blog\/?p=17398"},"modified":"2026-01-23T14:32:41","modified_gmt":"2026-01-23T14:32:41","slug":"el-oficialismo-presento-sus-propuestas-con-algunas-ausencias","status":"publish","type":"post","link":"http:\/\/zonade3.com.ar\/blog\/el-oficialismo-presento-sus-propuestas-con-algunas-ausencias\/","title":{"rendered":"El Oficialismo present\u00f3 sus propuestas con algunas ausencias"},"content":{"rendered":"\n<p>A mitad de semana, en la sede de la Asociaci\u00f3n Rafaelina, la gesti\u00f3n que encabeza Federico Pronotti llev\u00f3 adelante un encuentro informativo con las propuestas pensadas para la temporada 2026.<\/p>\n\n\n\n<p>Junto al presidente acompa\u00f1aron Mauricio Kidonakis (vicepresidente), Enrique Bergesio (secretario) y otras autoridades. Los equipos que participaron de la reuni\u00f3n fueron Pe\u00f1arol, Independiente de Ataliva, Racing LTC de San Crist\u00f3bal, Atl\u00e9tico Pilar, Libertad y Uni\u00f3n de Sunchales, m\u00e1s Ferrocarril del Estado y Tiro Federal de Moises Ville ambos integrantes de la Liga de Desarrollo.<\/p>\n\n\n\n<p>Los representantes ausentes fueron el resto de los equipos de Rafaela: 9 de Julio, Atl\u00e9tico, Sportivo Ben Hur, Independiente y Argentino Quilmes.<\/p>\n\n\n\n<p>De acuerdo a lo manifestado a los colegas de BASQUETOTAL, el oficialismo present\u00f3 sus propuestas tanto para Primera Divisi\u00f3n como Formativas, cuyo inicio de actividad estar\u00eda previsto para el fin de semana del 6 al 8 de marzo para los Mayores y una semana despu\u00e9s para las inferiores.<\/p>\n\n\n\n<p>Los Mayores tienen sobre la mesa dos propuestas de competencia. Por un lado, un torneo Apertura con enfrentamientos de ida y vuelta, todos contra todos, con un campe\u00f3n de Oro y otro de Plata a partir de un S\u00faper 4.<\/p>\n\n\n\n<p>La otra propuesta, un poco m\u00e1s elaborada, se encuentra en un torneo Apertura tambi\u00e9n todos contra todos a ida y vuelta y coronando campe\u00f3n al primero de la tabla. Posteriormente, para el fin de semana del 9 al 12 de julio, se apostar\u00eda a un S\u00faper 8 a jugarse en Rafaela y Sunchales, invitando a un equipo de las Asociaciones de Morteros, San Francisco, Noroeste y Oeste Santafesino.<\/p>\n\n\n\n<p>En cuanto a la rama femenina, el campeonato contar\u00eda con seis equipos: Sportivo Ben Hur, Independiente de Ataliva, Libertad y Uni\u00f3n de Sunchales, m\u00e1s los regresos de Racing LTC de San Crist\u00f3bal -volver\u00e1 a tener equipo para esta temporada- y San Lorenzo de Tostado.<\/p>\n\n\n\n<p>Adem\u00e1s, entre las propuestas para el femenino estar\u00eda una idea de jugar con equipos de la Asociaci\u00f3n Santafesina, pero la misma deber\u00e1 ser evaluada por las partes.<\/p>\n\n\n\n<p>Todas estas propuestas est\u00e1n pensadas \u00fanicamente para el primer semestre de la temporada. Posterior a junio, se evaluar\u00e1 la posibilidad de competir en un Torneo Pre Federal o alguna propuesta de la Confederaci\u00f3n Argentina de B\u00e1squet.<br><br>Fuente\/Foto: Basquetotal &#8211; Rafaela<\/p>\n\n\n\n<p><\/p>\n","protected":false},"excerpt":{"rendered":"<p>A mitad de semana, en la sede de la Asociaci\u00f3n Rafaelina, la gesti\u00f3n que encabeza Federico Pronotti llev\u00f3<\/p>\n","protected":false},"author":2,"featured_media":17399,"comment_status":"open","ping_status":"open","sticky":false,"template":"","format":"standard","meta":{"footnotes":""},"categories":[9],"tags":[],"class_list":["post-17398","post","type-post","status-publish","format-standard","has-post-thumbnail","hentry","category-asociativas"],"_links":{"self":[{"href":"http:\/\/zonade3.com.ar\/blog\/wp-json\/wp\/v2\/posts\/17398","targetHints":{"allow":["GET"]}}],"collection":[{"href":"http:\/\/zonade3.com.ar\/blog\/wp-json\/wp\/v2\/posts"}],"about":[{"href":"http:\/\/zonade3.com.ar\/blog\/wp-json\/wp\/v2\/types\/post"}],"author":[{"embeddable":true,"href":"http:\/\/zonade3.com.ar\/blog\/wp-json\/wp\/v2\/users\/2"}],"replies":[{"embeddable":true,"href":"http:\/\/zonade3.com.ar\/blog\/wp-json\/wp\/v2\/comments?post=17398"}],"version-history":[{"count":2,"href":"http:\/\/zonade3.com.ar\/blog\/wp-json\/wp\/v2\/posts\/17398\/revisions"}],"predecessor-version":[{"id":17402,"href":"http:\/\/zonade3.com.ar\/blog\/wp-json\/wp\/v2\/posts\/17398\/revisions\/17402"}],"wp:featuredmedia":[{"embeddable":true,"href":"http:\/\/zonade3.com.ar\/blog\/wp-json\/wp\/v2\/media\/17399"}],"wp:attachment":[{"href":"http:\/\/zonade3.com.ar\/blog\/wp-json\/wp\/v2\/media?parent=17398"}],"wp:term":[{"taxonomy":"category","embeddable":true,"href":"http:\/\/zonade3.com.ar\/blog\/wp-json\/wp\/v2\/categories?post=17398"},{"taxonomy":"post_tag","embeddable":true,"href":"http:\/\/zonade3.com.ar\/blog\/wp-json\/wp\/v2\/tags?post=17398"}],"curies":[{"name":"wp","href":"https:\/\/api.w.org\/{rel}","templated":true}]}}