{"id":17406,"date":"2026-01-24T02:47:51","date_gmt":"2026-01-24T02:47:51","guid":{"rendered":"http:\/\/zonade3.com.ar\/blog\/?p=17406"},"modified":"2026-01-24T02:47:54","modified_gmt":"2026-01-24T02:47:54","slug":"comunicado-oficial-proyecto-deportivo-e-institucional","status":"publish","type":"post","link":"http:\/\/zonade3.com.ar\/blog\/comunicado-oficial-proyecto-deportivo-e-institucional\/","title":{"rendered":"Comunicado oficial: proyecto deportivo e institucional"},"content":{"rendered":"\n<p>El Consejo Directivo de la ARB encabezado por su presidente Federico Pronotti present\u00f3 las propuestas para el a\u00f1o 2026. De dicho encuentro participaron miembros del Consejo Directivo, clubes afiliados a la ARB y directores t\u00e9cnicos. El comunicado oficial emitido por la entidad.<\/p>\n\n\n\n<p>El vicepresidente Mauricio Kidonakis, realizo la apertura dando la bienvenida y recordando todos los logros y eventos realizados por el Consejo Directivo durante el a\u00f1o 2025. Posteriormente, tomo la palabra el secretario Enrique Bergesio, comentando las propuestas para este 2026, destacando el ordenamiento institucional, el trabajo mancomunado con los diferentes estamentos gubernamentales, incluyendo la Federaci\u00f3n Santafesina de B\u00e1squet como as\u00ed tambi\u00e9n con la Confederaci\u00f3n Argentina de B\u00e1squet.<\/p>\n\n\n\n<p>El presidente Federico Pronotti, inform\u00f3 las competencias que se vienen para la nueva temporada en las diferentes ramas y categor\u00edas. Tiras formales de mini B\u00e1squet (U9 y U11 mixto), encuentros mensuales de escuelitas, Liga de Desarrollo para seguir fomentando el b\u00e1squet en la regi\u00f3n, Gran Prix en U11, torneos Clasificatorios CABB en Formativas. Asimismo, en Primera Divisi\u00f3n anunci\u00f3 como se van a disputar los torneos y S\u00faper 4 en el primer semestre del a\u00f1o, comunicando que en la rama masculina se va denominar Torneo \u201cRoberto Spadaro\u201d y en la rama femenina \u201cAlicia Cattaneo\u201d.<\/p>\n\n\n\n<p>Con la programaci\u00f3n propuesta, m\u00e1s los torneos federativos, las categor\u00edas formativas en el primer semestre tendr\u00e1n un 40% mas de competencias que el a\u00f1o 2025, la categor\u00eda U11 tendr\u00e1 un 100% mas que el a\u00f1o anterior. En Primera Divisi\u00f3n, ambas ramas, solo en el primer semestre, tendr\u00e1n un 50% mas de juego que el a\u00f1o 2025. Cabe destacar qu\u00e9, esta organizaci\u00f3n de torneos se fundament\u00f3 en las reuniones previas que mantuvo este consejo directivo con DT, delegados y jugadores.<\/p>\n\n\n\n<p><\/p>\n","protected":false},"excerpt":{"rendered":"<p>El Consejo Directivo de la ARB encabezado por su presidente Federico Pronotti present\u00f3 las propuestas para el a\u00f1o<\/p>\n","protected":false},"author":2,"featured_media":17407,"comment_status":"open","ping_status":"open","sticky":false,"template":"","format":"standard","meta":{"footnotes":""},"categories":[9],"tags":[],"class_list":["post-17406","post","type-post","status-publish","format-standard","has-post-thumbnail","hentry","category-asociativas"],"_links":{"self":[{"href":"http:\/\/zonade3.com.ar\/blog\/wp-json\/wp\/v2\/posts\/17406","targetHints":{"allow":["GET"]}}],"collection":[{"href":"http:\/\/zonade3.com.ar\/blog\/wp-json\/wp\/v2\/posts"}],"about":[{"href":"http:\/\/zonade3.com.ar\/blog\/wp-json\/wp\/v2\/types\/post"}],"author":[{"embeddable":true,"href":"http:\/\/zonade3.com.ar\/blog\/wp-json\/wp\/v2\/users\/2"}],"replies":[{"embeddable":true,"href":"http:\/\/zonade3.com.ar\/blog\/wp-json\/wp\/v2\/comments?post=17406"}],"version-history":[{"count":1,"href":"http:\/\/zonade3.com.ar\/blog\/wp-json\/wp\/v2\/posts\/17406\/revisions"}],"predecessor-version":[{"id":17408,"href":"http:\/\/zonade3.com.ar\/blog\/wp-json\/wp\/v2\/posts\/17406\/revisions\/17408"}],"wp:featuredmedia":[{"embeddable":true,"href":"http:\/\/zonade3.com.ar\/blog\/wp-json\/wp\/v2\/media\/17407"}],"wp:attachment":[{"href":"http:\/\/zonade3.com.ar\/blog\/wp-json\/wp\/v2\/media?parent=17406"}],"wp:term":[{"taxonomy":"category","embeddable":true,"href":"http:\/\/zonade3.com.ar\/blog\/wp-json\/wp\/v2\/categories?post=17406"},{"taxonomy":"post_tag","embeddable":true,"href":"http:\/\/zonade3.com.ar\/blog\/wp-json\/wp\/v2\/tags?post=17406"}],"curies":[{"name":"wp","href":"https:\/\/api.w.org\/{rel}","templated":true}]}}