{"id":17416,"date":"2026-01-27T02:25:43","date_gmt":"2026-01-27T02:25:43","guid":{"rendered":"http:\/\/zonade3.com.ar\/blog\/?p=17416"},"modified":"2026-01-27T02:25:45","modified_gmt":"2026-01-27T02:25:45","slug":"costamagna-va-a-ser-un-gran-desafio-este-ano","status":"publish","type":"post","link":"http:\/\/zonade3.com.ar\/blog\/costamagna-va-a-ser-un-gran-desafio-este-ano\/","title":{"rendered":"Costamagna: \u201cVa a ser un gran desaf\u00edo este a\u00f1o\u201d"},"content":{"rendered":"\n<p>Con la mira puesta en marzo, fecha de inicio de la competencia oficial de la Asociaci\u00f3n, el b\u00e1squet formativo de 9 de Julio de Morteros ya puso primera. Nicol\u00e1s Costamagna, coordinador del \u00e1rea, brind\u00f3 detalles sobre c\u00f3mo se prepara la instituci\u00f3n para este a\u00f1o.<\/p>\n\n\n\n<p>\u201cArrancamos la pretemporada con las categor\u00edas U13 a U17. Vamos a entrenar todos los d\u00edas, de lunes a viernes de 18:00 a 20:00 horas, aprovechando este tiempo sin competencia. La preparaci\u00f3n est\u00e1 planificada por el Preparador F\u00edsico Leo Tevez, con el objetivo de ir acomodando el staff y a los chicos en sus categor\u00edas correspondientes\u201d, explic\u00f3 Costamagna.<br><br>Para esta temporada, el club mantiene la base de profesionales e incorpora refuerzos en el \u00e1rea t\u00e9cnica:<br>Mini B\u00e1squet: Nico Bolis, Paula Grosso, Emi Rossotto y Nicol\u00e1s Costamagna. Formativas Masculino: Emi Rossotto y Bruno Cortese. Formativas Femenino: Gonzalo Guzm\u00e1n y Mariano Pagani (se suma un nuevo docente para potenciar la rama femenina).<br><br>Debido a la reestructuraci\u00f3n de la competencia regional, que incluir\u00eda a la Asociaci\u00f3n de San Francisco y posiblemente a equipos de Sunchales, el reglamento interno sufrir\u00e1 modificaciones. \u201cNo se podr\u00e1 presentar dos equipos por categor\u00eda, por lo que, ante la gran cantidad de jugadores que tenemos, debimos adaptar nuestro proyecto\u201d, se\u00f1al\u00f3 el coordinador.<br><br>Una de las grandes novedades ser\u00e1 la implementaci\u00f3n de un \u00abContrato de Convivencia\u00bb, elaborado en conjunto con la psic\u00f3loga de la instituci\u00f3n, la Subcomisi\u00f3n y el cuerpo t\u00e9cnico. \u201cAll\u00ed estar\u00e1n claras las pautas para determinar qui\u00e9nes participar\u00e1n de la competencia oficial. Sin embargo, incorporaremos competencias extra para que aquellos chicos que no sumen tantos minutos en el torneo local no se queden sin jugar. El objetivo es que nadie quede fuera\u201d.<br><br>En cuanto al plano federativo, el \u00abNueve\u00bb confirm\u00f3 su participaci\u00f3n en los Provinciales en todas las categor\u00edas masculinas, mientras se eval\u00faa competir en dos o tres niveles del femenino.<\/p>\n\n\n\n<p>Fuente: Radio Republica FM 95.5<\/p>\n","protected":false},"excerpt":{"rendered":"<p>Con la mira puesta en marzo, fecha de inicio de la competencia oficial de la Asociaci\u00f3n, el b\u00e1squet<\/p>\n","protected":false},"author":2,"featured_media":17270,"comment_status":"open","ping_status":"open","sticky":false,"template":"","format":"standard","meta":{"footnotes":""},"categories":[6],"tags":[],"class_list":["post-17416","post","type-post","status-publish","format-standard","has-post-thumbnail","hentry","category-asoc-morteros"],"_links":{"self":[{"href":"http:\/\/zonade3.com.ar\/blog\/wp-json\/wp\/v2\/posts\/17416","targetHints":{"allow":["GET"]}}],"collection":[{"href":"http:\/\/zonade3.com.ar\/blog\/wp-json\/wp\/v2\/posts"}],"about":[{"href":"http:\/\/zonade3.com.ar\/blog\/wp-json\/wp\/v2\/types\/post"}],"author":[{"embeddable":true,"href":"http:\/\/zonade3.com.ar\/blog\/wp-json\/wp\/v2\/users\/2"}],"replies":[{"embeddable":true,"href":"http:\/\/zonade3.com.ar\/blog\/wp-json\/wp\/v2\/comments?post=17416"}],"version-history":[{"count":1,"href":"http:\/\/zonade3.com.ar\/blog\/wp-json\/wp\/v2\/posts\/17416\/revisions"}],"predecessor-version":[{"id":17417,"href":"http:\/\/zonade3.com.ar\/blog\/wp-json\/wp\/v2\/posts\/17416\/revisions\/17417"}],"wp:featuredmedia":[{"embeddable":true,"href":"http:\/\/zonade3.com.ar\/blog\/wp-json\/wp\/v2\/media\/17270"}],"wp:attachment":[{"href":"http:\/\/zonade3.com.ar\/blog\/wp-json\/wp\/v2\/media?parent=17416"}],"wp:term":[{"taxonomy":"category","embeddable":true,"href":"http:\/\/zonade3.com.ar\/blog\/wp-json\/wp\/v2\/categories?post=17416"},{"taxonomy":"post_tag","embeddable":true,"href":"http:\/\/zonade3.com.ar\/blog\/wp-json\/wp\/v2\/tags?post=17416"}],"curies":[{"name":"wp","href":"https:\/\/api.w.org\/{rel}","templated":true}]}}