{"id":17418,"date":"2026-01-27T02:38:22","date_gmt":"2026-01-27T02:38:22","guid":{"rendered":"http:\/\/zonade3.com.ar\/blog\/?p=17418"},"modified":"2026-01-27T02:38:24","modified_gmt":"2026-01-27T02:38:24","slug":"punto-de-partida-en-la-pretemporada-de-portena-asoc","status":"publish","type":"post","link":"http:\/\/zonade3.com.ar\/blog\/punto-de-partida-en-la-pretemporada-de-portena-asoc\/","title":{"rendered":"Punto de partida en la pretemporada de Porte\u00f1a Asoc."},"content":{"rendered":"\n<p>Este lunes comenz\u00f3 la pretemporada el equipo de primera divisi\u00f3n de Porte\u00f1a Asoc. prepar\u00e1ndose para el campeonato 2026 de la Asociaci\u00f3n Morterense que estar\u00eda jugando conjuntamente con la Asociaci\u00f3n de San Francisco y alg\u00fan equipo de la Asociaci\u00f3n Rafaelina de B\u00e1squetbol, mas espec\u00edficamente Libertad de Sunchales.<br><br>Los jugadores confirmados mayores son los siguientes: Matias Righetti , Nicolas Bianciotti. Juan Pablo Olivera, Nicolas Caballo, Miguel Isola, Agust\u00edn Blasi , Lautaro Aguirre y U 21 Tiago Carignano, mas el aporte de los jugadores de inferiores. <br><br>Tambi\u00e9n est\u00e1 entrenando Lucas Mondino (por ahora no tiene Club en nivel Superior, si no consigue se lo tendr\u00eda en cuenta). No est\u00e1n m\u00e1s en plantel del a\u00f1o pasado, Rodrigo Cerdocino, Marcelo Ludue\u00f1a y Lisandro Moggio.<br><br>Fuente\/Foto: Oscar Gomez Producciones<\/p>\n","protected":false},"excerpt":{"rendered":"<p>Este lunes comenz\u00f3 la pretemporada el equipo de primera divisi\u00f3n de Porte\u00f1a Asoc. prepar\u00e1ndose para el campeonato 2026<\/p>\n","protected":false},"author":2,"featured_media":17419,"comment_status":"open","ping_status":"open","sticky":false,"template":"","format":"standard","meta":{"footnotes":""},"categories":[6],"tags":[],"class_list":["post-17418","post","type-post","status-publish","format-standard","has-post-thumbnail","hentry","category-asoc-morteros"],"_links":{"self":[{"href":"http:\/\/zonade3.com.ar\/blog\/wp-json\/wp\/v2\/posts\/17418","targetHints":{"allow":["GET"]}}],"collection":[{"href":"http:\/\/zonade3.com.ar\/blog\/wp-json\/wp\/v2\/posts"}],"about":[{"href":"http:\/\/zonade3.com.ar\/blog\/wp-json\/wp\/v2\/types\/post"}],"author":[{"embeddable":true,"href":"http:\/\/zonade3.com.ar\/blog\/wp-json\/wp\/v2\/users\/2"}],"replies":[{"embeddable":true,"href":"http:\/\/zonade3.com.ar\/blog\/wp-json\/wp\/v2\/comments?post=17418"}],"version-history":[{"count":1,"href":"http:\/\/zonade3.com.ar\/blog\/wp-json\/wp\/v2\/posts\/17418\/revisions"}],"predecessor-version":[{"id":17420,"href":"http:\/\/zonade3.com.ar\/blog\/wp-json\/wp\/v2\/posts\/17418\/revisions\/17420"}],"wp:featuredmedia":[{"embeddable":true,"href":"http:\/\/zonade3.com.ar\/blog\/wp-json\/wp\/v2\/media\/17419"}],"wp:attachment":[{"href":"http:\/\/zonade3.com.ar\/blog\/wp-json\/wp\/v2\/media?parent=17418"}],"wp:term":[{"taxonomy":"category","embeddable":true,"href":"http:\/\/zonade3.com.ar\/blog\/wp-json\/wp\/v2\/categories?post=17418"},{"taxonomy":"post_tag","embeddable":true,"href":"http:\/\/zonade3.com.ar\/blog\/wp-json\/wp\/v2\/tags?post=17418"}],"curies":[{"name":"wp","href":"https:\/\/api.w.org\/{rel}","templated":true}]}}