{"id":17421,"date":"2026-01-27T03:06:15","date_gmt":"2026-01-27T03:06:15","guid":{"rendered":"http:\/\/zonade3.com.ar\/blog\/?p=17421"},"modified":"2026-01-27T03:06:17","modified_gmt":"2026-01-27T03:06:17","slug":"se-define-el-formato-del-interasociativo-2026","status":"publish","type":"post","link":"http:\/\/zonade3.com.ar\/blog\/se-define-el-formato-del-interasociativo-2026\/","title":{"rendered":"Se define el formato del Interasociativo 2026"},"content":{"rendered":"\n<p>Marcada expectativa por lo que pueda dejar la reuni\u00f3n del pr\u00f3ximo 2 de febrero en la Asoc. Morterense teniendo en cuenta que all\u00ed intentar\u00e1 definirse el Formato de Juego con la puesta en com\u00fan entre todos los delegados y dirigentes asociativos.<\/p>\n\n\n\n<p>En principio, seg\u00fan pudo averiguar nuestro medio, el certamen Interasociativo comenzar\u00eda el fin de semana que va del 6 al 8 de marzo y tendr\u00eda recorrido hasta el 12 de julio. Luego, llegar\u00eda el receso de dos semanas y posteriormente, el reinicio de la actividad.<\/p>\n\n\n\n<p>Por supuesto que ser\u00e1n de la partida los cuatro equipos de San Francisco y Devoto, mas Libertad de Sunchales. Lo de Uni\u00f3n (S) parecer\u00eda remoto a esta altura de los tiempos organizativos.<\/p>\n\n\n\n<p>Por estas jornadas y si bien ya hay un bosquejo, se debate informalmente la modalidad de disputa, aunque todo quedar\u00e1 sujeto a la reuni\u00f3n oficial del pr\u00f3ximo lunes. <br><br>Se esperan novedades importantes ante un a\u00f1o intenso y ver si contin\u00faan algunas reglamentaciones. \u00bfSeguir\u00e1 el apartado que rige que para poder jugar Playoff los jugadores deber\u00e1n haber estado en planilla en 9 de los 14 partidos?. Todo est\u00e1 por verse\u2026<\/p>\n\n\n\n<p><\/p>\n","protected":false},"excerpt":{"rendered":"<p>Marcada expectativa por lo que pueda dejar la reuni\u00f3n del pr\u00f3ximo 2 de febrero en la Asoc. Morterense<\/p>\n","protected":false},"author":2,"featured_media":17131,"comment_status":"open","ping_status":"open","sticky":false,"template":"","format":"standard","meta":{"footnotes":""},"categories":[6],"tags":[],"class_list":["post-17421","post","type-post","status-publish","format-standard","has-post-thumbnail","hentry","category-asoc-morteros"],"_links":{"self":[{"href":"http:\/\/zonade3.com.ar\/blog\/wp-json\/wp\/v2\/posts\/17421","targetHints":{"allow":["GET"]}}],"collection":[{"href":"http:\/\/zonade3.com.ar\/blog\/wp-json\/wp\/v2\/posts"}],"about":[{"href":"http:\/\/zonade3.com.ar\/blog\/wp-json\/wp\/v2\/types\/post"}],"author":[{"embeddable":true,"href":"http:\/\/zonade3.com.ar\/blog\/wp-json\/wp\/v2\/users\/2"}],"replies":[{"embeddable":true,"href":"http:\/\/zonade3.com.ar\/blog\/wp-json\/wp\/v2\/comments?post=17421"}],"version-history":[{"count":1,"href":"http:\/\/zonade3.com.ar\/blog\/wp-json\/wp\/v2\/posts\/17421\/revisions"}],"predecessor-version":[{"id":17422,"href":"http:\/\/zonade3.com.ar\/blog\/wp-json\/wp\/v2\/posts\/17421\/revisions\/17422"}],"wp:featuredmedia":[{"embeddable":true,"href":"http:\/\/zonade3.com.ar\/blog\/wp-json\/wp\/v2\/media\/17131"}],"wp:attachment":[{"href":"http:\/\/zonade3.com.ar\/blog\/wp-json\/wp\/v2\/media?parent=17421"}],"wp:term":[{"taxonomy":"category","embeddable":true,"href":"http:\/\/zonade3.com.ar\/blog\/wp-json\/wp\/v2\/categories?post=17421"},{"taxonomy":"post_tag","embeddable":true,"href":"http:\/\/zonade3.com.ar\/blog\/wp-json\/wp\/v2\/tags?post=17421"}],"curies":[{"name":"wp","href":"https:\/\/api.w.org\/{rel}","templated":true}]}}