{"id":17427,"date":"2026-01-29T04:36:12","date_gmt":"2026-01-29T04:36:12","guid":{"rendered":"http:\/\/zonade3.com.ar\/blog\/?p=17427"},"modified":"2026-01-29T11:31:25","modified_gmt":"2026-01-29T11:31:25","slug":"tiro-federal-en-plena-tarea-para-la-temporada","status":"publish","type":"post","link":"http:\/\/zonade3.com.ar\/blog\/tiro-federal-en-plena-tarea-para-la-temporada\/","title":{"rendered":"Tiro Federal, en plena tarea para la temporada"},"content":{"rendered":"\n<p>Tiro Federal ha dado inicio a su pretemporada con un enfoque en los trabajos individuales, manteniendo la base del equipo del a\u00f1o pasado. Durante estas primeras jornadas, los jugadores se han estado enfocando en mejorar su condici\u00f3n f\u00edsica y t\u00e9cnica, preparando el terreno para el pr\u00f3ximo desaf\u00edo en el presente 2026.<\/p>\n\n\n\n<p>Sin embargo, el equipo de Jos\u00e9 Luis Pestuggia (foto) a\u00fan enfrenta desaf\u00edos en su plantilla. A la fecha, est\u00e1n en la b\u00fasqueda de un interno para que complete el roster. Podr\u00eda haber novedades pr\u00f3ximamente. <br><br>Hasta ahora est\u00e1n confirmados los siguientes nombres: Luis Martina, Agust\u00edn Busso, contar\u00e1n una vez mas con Manuel Mira, Lucas Frank, Nahuel Rodr\u00edguez, el regreso de Valent\u00edn Beletti, Juan Zabala, Mat\u00edas Albertissi, Tom\u00e1s Benitez, Juan Milanesio, Ignacio Mondino y Lautaro Brunas.<br><br>Se suma al cuerpo t\u00e9cnico como Preparador F\u00edsico un hombre del club, Alfredo Issea, y como ya lo informamos, prosigue como asistente Emanuel Razetto y Luciano Cravero ser\u00e1 una vez mas el kinesi\u00f3logo de la disciplina.<br><br>Con la experiencia de la base del plantel anterior y la adici\u00f3n de nuevos talentos, Tiro Federal espera conseguir un buen rendimiento en la temporada.<br><br><\/p>\n","protected":false},"excerpt":{"rendered":"<p>Tiro Federal ha dado inicio a su pretemporada con un enfoque en los trabajos individuales, manteniendo la base<\/p>\n","protected":false},"author":2,"featured_media":16811,"comment_status":"open","ping_status":"open","sticky":false,"template":"","format":"standard","meta":{"footnotes":""},"categories":[6],"tags":[],"class_list":["post-17427","post","type-post","status-publish","format-standard","has-post-thumbnail","hentry","category-asoc-morteros"],"_links":{"self":[{"href":"http:\/\/zonade3.com.ar\/blog\/wp-json\/wp\/v2\/posts\/17427","targetHints":{"allow":["GET"]}}],"collection":[{"href":"http:\/\/zonade3.com.ar\/blog\/wp-json\/wp\/v2\/posts"}],"about":[{"href":"http:\/\/zonade3.com.ar\/blog\/wp-json\/wp\/v2\/types\/post"}],"author":[{"embeddable":true,"href":"http:\/\/zonade3.com.ar\/blog\/wp-json\/wp\/v2\/users\/2"}],"replies":[{"embeddable":true,"href":"http:\/\/zonade3.com.ar\/blog\/wp-json\/wp\/v2\/comments?post=17427"}],"version-history":[{"count":2,"href":"http:\/\/zonade3.com.ar\/blog\/wp-json\/wp\/v2\/posts\/17427\/revisions"}],"predecessor-version":[{"id":17434,"href":"http:\/\/zonade3.com.ar\/blog\/wp-json\/wp\/v2\/posts\/17427\/revisions\/17434"}],"wp:featuredmedia":[{"embeddable":true,"href":"http:\/\/zonade3.com.ar\/blog\/wp-json\/wp\/v2\/media\/16811"}],"wp:attachment":[{"href":"http:\/\/zonade3.com.ar\/blog\/wp-json\/wp\/v2\/media?parent=17427"}],"wp:term":[{"taxonomy":"category","embeddable":true,"href":"http:\/\/zonade3.com.ar\/blog\/wp-json\/wp\/v2\/categories?post=17427"},{"taxonomy":"post_tag","embeddable":true,"href":"http:\/\/zonade3.com.ar\/blog\/wp-json\/wp\/v2\/tags?post=17427"}],"curies":[{"name":"wp","href":"https:\/\/api.w.org\/{rel}","templated":true}]}}