{"id":17435,"date":"2026-01-29T14:32:50","date_gmt":"2026-01-29T14:32:50","guid":{"rendered":"http:\/\/zonade3.com.ar\/blog\/?p=17435"},"modified":"2026-01-29T14:32:52","modified_gmt":"2026-01-29T14:32:52","slug":"el-ceibo-esta-en-marcha-con-su-sueno-federal","status":"publish","type":"post","link":"http:\/\/zonade3.com.ar\/blog\/el-ceibo-esta-en-marcha-con-su-sueno-federal\/","title":{"rendered":"El Ceibo est\u00e1 en marcha con su Sue\u00f1o Federal"},"content":{"rendered":"\n<p>El Ceibo ya en pleno trabajo de pretemporada pensando en la pr\u00f3xima Liga Federal y ya con los rivales de Conferencia definidos.<\/p>\n\n\n\n<p>El equipo seguir\u00e1 siendo conducido por Eduardo \u201cMara\u201d Blengini, junto a sus asistentes Lautaro Oitana y Guillermo Orellano; la preparaci\u00f3n f\u00edsica est\u00e1 a cargo de Febo Sosa y el jefe de equipo continuar\u00e1 siendo Aldo Manzotti.<\/p>\n\n\n\n<p>&#x1f3c0; Mayores: continuar\u00e1n Gabriel Rojas, Santiago Andrione, Esteban Ledesma y Pablo Grosso. Se suma el alero Mart\u00edn Confalonieri, proveniente de Nueve de Julio de Morteros.<\/p>\n\n\n\n<p>&#x1f3c0; U21: Matteo Blengini, Ezequiel Horen y Genaro Rinaldi, y se incorpora Emanuel C\u00f3rdoba, de \u00faltimo paso por Libertad de Sunchales.<\/p>\n\n\n\n<p>&#x1f3c0; Juveniles: encabezan Manuel Mor\u00e1n, Francisco Dobler, Joaqu\u00edn Prata y Santiago Bosso. Y le damos la bienvenida a Mateo Scarmagnan, procedente de Bol\u00edvar de Carlos Paz e integrante de la selecci\u00f3n de C\u00f3rdoba el a\u00f1o pasado.<\/p>\n\n\n\n<p><\/p>\n","protected":false},"excerpt":{"rendered":"<p>El Ceibo ya en pleno trabajo de pretemporada pensando en la pr\u00f3xima Liga Federal y ya con los<\/p>\n","protected":false},"author":2,"featured_media":17436,"comment_status":"open","ping_status":"open","sticky":false,"template":"","format":"standard","meta":{"footnotes":""},"categories":[5],"tags":[],"class_list":["post-17435","post","type-post","status-publish","format-standard","has-post-thumbnail","hentry","category-liga-federal"],"_links":{"self":[{"href":"http:\/\/zonade3.com.ar\/blog\/wp-json\/wp\/v2\/posts\/17435","targetHints":{"allow":["GET"]}}],"collection":[{"href":"http:\/\/zonade3.com.ar\/blog\/wp-json\/wp\/v2\/posts"}],"about":[{"href":"http:\/\/zonade3.com.ar\/blog\/wp-json\/wp\/v2\/types\/post"}],"author":[{"embeddable":true,"href":"http:\/\/zonade3.com.ar\/blog\/wp-json\/wp\/v2\/users\/2"}],"replies":[{"embeddable":true,"href":"http:\/\/zonade3.com.ar\/blog\/wp-json\/wp\/v2\/comments?post=17435"}],"version-history":[{"count":1,"href":"http:\/\/zonade3.com.ar\/blog\/wp-json\/wp\/v2\/posts\/17435\/revisions"}],"predecessor-version":[{"id":17437,"href":"http:\/\/zonade3.com.ar\/blog\/wp-json\/wp\/v2\/posts\/17435\/revisions\/17437"}],"wp:featuredmedia":[{"embeddable":true,"href":"http:\/\/zonade3.com.ar\/blog\/wp-json\/wp\/v2\/media\/17436"}],"wp:attachment":[{"href":"http:\/\/zonade3.com.ar\/blog\/wp-json\/wp\/v2\/media?parent=17435"}],"wp:term":[{"taxonomy":"category","embeddable":true,"href":"http:\/\/zonade3.com.ar\/blog\/wp-json\/wp\/v2\/categories?post=17435"},{"taxonomy":"post_tag","embeddable":true,"href":"http:\/\/zonade3.com.ar\/blog\/wp-json\/wp\/v2\/tags?post=17435"}],"curies":[{"name":"wp","href":"https:\/\/api.w.org\/{rel}","templated":true}]}}