{"id":17438,"date":"2026-01-29T16:34:38","date_gmt":"2026-01-29T16:34:38","guid":{"rendered":"http:\/\/zonade3.com.ar\/blog\/?p=17438"},"modified":"2026-01-29T16:34:40","modified_gmt":"2026-01-29T16:34:40","slug":"hernan-acuna-es-el-nuevo-refuerzo-de-9-de-julio-de-morteros","status":"publish","type":"post","link":"http:\/\/zonade3.com.ar\/blog\/hernan-acuna-es-el-nuevo-refuerzo-de-9-de-julio-de-morteros\/","title":{"rendered":"Hern\u00e1n Acu\u00f1a es el nuevo refuerzo de 9 de Julio de Morteros"},"content":{"rendered":"\n<p>As\u00ed lo confirm\u00f3 a Zonade3 el entrenador de la entidad \u00abCeleste\u00bb, C\u00e9sar Sobrero. Hern\u00e1n Acu\u00f1a, ala pivot de 27 a\u00f1os y 1.95 mts, viene de consagrarse campe\u00f3n junto con Chamical Basket en el Torneo Prefederal de La Rioja.<br><br>Es integrante de una familia numerosa, hermano de los destacados basquetbolistas, el \u00abToro\u00bb Roberto Acu\u00f1a y Rodrigo. El lunes se incorpora a los trabajos con vistas a la temporada asociativa. <\/p>\n\n\n\n<p>Recordemos que 9 de Julio de Morteros comenz\u00f3 a principios de enero su pretemporada, siendo el primero de la zona en comenzar las tareas.<br><br>Como ya lo hab\u00edamos informado, fueron bajas Andr\u00e9s Miguel, Luciano Garc\u00eda, Tom\u00e1s Aimaretti, Rodrigo Fillol y por motivos de estudio, Juan Pablo Montenegro. Adem\u00e1s, Vale Beletti retorn\u00f3 a Tiro Federal. En tanto, Javier Martin es de la partida en este nuevo ciclo al igual que los otros jugadores del club. Tambi\u00e9n se sum\u00f3 el ex Porte\u00f1a, Rodrigo Cerdosino.<\/p>\n\n\n\n<p><\/p>\n","protected":false},"excerpt":{"rendered":"<p>As\u00ed lo confirm\u00f3 a Zonade3 el entrenador de la entidad \u00abCeleste\u00bb, C\u00e9sar Sobrero. Hern\u00e1n Acu\u00f1a, ala pivot de<\/p>\n","protected":false},"author":2,"featured_media":17439,"comment_status":"open","ping_status":"open","sticky":false,"template":"","format":"standard","meta":{"footnotes":""},"categories":[6],"tags":[],"class_list":["post-17438","post","type-post","status-publish","format-standard","has-post-thumbnail","hentry","category-asoc-morteros"],"_links":{"self":[{"href":"http:\/\/zonade3.com.ar\/blog\/wp-json\/wp\/v2\/posts\/17438","targetHints":{"allow":["GET"]}}],"collection":[{"href":"http:\/\/zonade3.com.ar\/blog\/wp-json\/wp\/v2\/posts"}],"about":[{"href":"http:\/\/zonade3.com.ar\/blog\/wp-json\/wp\/v2\/types\/post"}],"author":[{"embeddable":true,"href":"http:\/\/zonade3.com.ar\/blog\/wp-json\/wp\/v2\/users\/2"}],"replies":[{"embeddable":true,"href":"http:\/\/zonade3.com.ar\/blog\/wp-json\/wp\/v2\/comments?post=17438"}],"version-history":[{"count":1,"href":"http:\/\/zonade3.com.ar\/blog\/wp-json\/wp\/v2\/posts\/17438\/revisions"}],"predecessor-version":[{"id":17440,"href":"http:\/\/zonade3.com.ar\/blog\/wp-json\/wp\/v2\/posts\/17438\/revisions\/17440"}],"wp:featuredmedia":[{"embeddable":true,"href":"http:\/\/zonade3.com.ar\/blog\/wp-json\/wp\/v2\/media\/17439"}],"wp:attachment":[{"href":"http:\/\/zonade3.com.ar\/blog\/wp-json\/wp\/v2\/media?parent=17438"}],"wp:term":[{"taxonomy":"category","embeddable":true,"href":"http:\/\/zonade3.com.ar\/blog\/wp-json\/wp\/v2\/categories?post=17438"},{"taxonomy":"post_tag","embeddable":true,"href":"http:\/\/zonade3.com.ar\/blog\/wp-json\/wp\/v2\/tags?post=17438"}],"curies":[{"name":"wp","href":"https:\/\/api.w.org\/{rel}","templated":true}]}}