{"id":17441,"date":"2026-01-30T12:07:08","date_gmt":"2026-01-30T12:07:08","guid":{"rendered":"http:\/\/zonade3.com.ar\/blog\/?p=17441"},"modified":"2026-01-30T12:07:11","modified_gmt":"2026-01-30T12:07:11","slug":"juan-pablo-montenegro-arranco-la-pretemporada-en-matienzo","status":"publish","type":"post","link":"http:\/\/zonade3.com.ar\/blog\/juan-pablo-montenegro-arranco-la-pretemporada-en-matienzo\/","title":{"rendered":"Juan Pablo Montenegro arranc\u00f3 la pretemporada en Matienzo"},"content":{"rendered":"\n<p>Matienzo de la ciudad de C\u00f3rdoba se hizo de los servicios del \u00abJuampi\u00bb Montenegro para afrontar la pr\u00f3xima Liga Federal y adem\u00e1s el compromiso dom\u00e9stico.<br><br>El oriundo de Morteros, ex 9 de Julio (recordemos que abandon\u00f3 la instituci\u00f3n para estudiar en La Docta) se sum\u00f3 a la pretemporada d\u00edas atr\u00e1s con miras al inicio de las competencias venideras.<br><br>Seg\u00fan cuenta su entorno, el joven basquetbolista relataba que, si bien le cost\u00f3 dejar el club de sus amores, el destino lo llev\u00f3 hasta el club capitalino para seguir compitiendo en el mejor nivel provincial. Cont\u00f3 que se siente a gusto ante este nuevo desaf\u00edo. <\/p>\n","protected":false},"excerpt":{"rendered":"<p>Matienzo de la ciudad de C\u00f3rdoba se hizo de los servicios del \u00abJuampi\u00bb Montenegro para afrontar la pr\u00f3xima<\/p>\n","protected":false},"author":2,"featured_media":17442,"comment_status":"open","ping_status":"open","sticky":false,"template":"","format":"standard","meta":{"footnotes":""},"categories":[16],"tags":[],"class_list":["post-17441","post","type-post","status-publish","format-standard","has-post-thumbnail","hentry","category-novedades"],"_links":{"self":[{"href":"http:\/\/zonade3.com.ar\/blog\/wp-json\/wp\/v2\/posts\/17441","targetHints":{"allow":["GET"]}}],"collection":[{"href":"http:\/\/zonade3.com.ar\/blog\/wp-json\/wp\/v2\/posts"}],"about":[{"href":"http:\/\/zonade3.com.ar\/blog\/wp-json\/wp\/v2\/types\/post"}],"author":[{"embeddable":true,"href":"http:\/\/zonade3.com.ar\/blog\/wp-json\/wp\/v2\/users\/2"}],"replies":[{"embeddable":true,"href":"http:\/\/zonade3.com.ar\/blog\/wp-json\/wp\/v2\/comments?post=17441"}],"version-history":[{"count":1,"href":"http:\/\/zonade3.com.ar\/blog\/wp-json\/wp\/v2\/posts\/17441\/revisions"}],"predecessor-version":[{"id":17443,"href":"http:\/\/zonade3.com.ar\/blog\/wp-json\/wp\/v2\/posts\/17441\/revisions\/17443"}],"wp:featuredmedia":[{"embeddable":true,"href":"http:\/\/zonade3.com.ar\/blog\/wp-json\/wp\/v2\/media\/17442"}],"wp:attachment":[{"href":"http:\/\/zonade3.com.ar\/blog\/wp-json\/wp\/v2\/media?parent=17441"}],"wp:term":[{"taxonomy":"category","embeddable":true,"href":"http:\/\/zonade3.com.ar\/blog\/wp-json\/wp\/v2\/categories?post=17441"},{"taxonomy":"post_tag","embeddable":true,"href":"http:\/\/zonade3.com.ar\/blog\/wp-json\/wp\/v2\/tags?post=17441"}],"curies":[{"name":"wp","href":"https:\/\/api.w.org\/{rel}","templated":true}]}}