{"id":17444,"date":"2026-01-30T03:12:22","date_gmt":"2026-01-30T03:12:22","guid":{"rendered":"http:\/\/zonade3.com.ar\/blog\/?p=17444"},"modified":"2026-01-30T03:12:25","modified_gmt":"2026-01-30T03:12:25","slug":"cat-apunta-con-todo-a-la-tercerca-categoria","status":"publish","type":"post","link":"http:\/\/zonade3.com.ar\/blog\/cat-apunta-con-todo-a-la-tercerca-categoria\/","title":{"rendered":"CAT apunta con todo a la tercerca categor\u00eda"},"content":{"rendered":"\n<p>El pr\u00f3ximo 2 de febrero arranca la pretemporada en el Club Atl\u00e9tico Tostado de cara a un a\u00f1o intenso en lo deportivo. El plantel estar\u00e1 al mando del coach Enrique Lancelotti, secundado por Marcos Gonzalez (asistente) y Pablo Amaya como Preparador F\u00edsico.<br><br>El CAT se prepara as\u00ed para disputar la Liga Federal que este a\u00f1o tendra 92 equipos. Formar\u00e1 parte de la Zona B en la Conferencia Centro donde estar\u00e1n equipos de la provincia de Santa Fe. Entre ellos Atl\u00e9tico Rafaela, Almagro de Esperanza, Alma Juniors de Esperanza, Sanjustino de San Justo, Atl\u00e9tico Sastre, Atl\u00e9tico Mar\u00eda Juana, Atl\u00e9tico Tostado y se suma Uni\u00f3n y Juventud de Bandera, de la provincia de Santiago del Estero.<br><br>Se confirm\u00f3 tambi\u00e9n que el ex Uni\u00f3n de San Guillermo, Ernesto Dar\u00edo \u00abColo\u00bb Skidelsky regresa al club y por otra parte tambi\u00e9n se suman las siguientes contrataciones: Mat\u00edas N\u00fa\u00f1ez, Emanuel Boveri, Ignacio Luna, Facundo Arr\u00faa.<br>Adem\u00e1s renovaron Alberto Morard, Mario Espeche, Santiago Benitez y Maximiliano Robledo.<\/p>\n\n\n\n<p><\/p>\n","protected":false},"excerpt":{"rendered":"<p>El pr\u00f3ximo 2 de febrero arranca la pretemporada en el Club Atl\u00e9tico Tostado de cara a un a\u00f1o<\/p>\n","protected":false},"author":2,"featured_media":15276,"comment_status":"open","ping_status":"open","sticky":false,"template":"","format":"standard","meta":{"footnotes":""},"categories":[5],"tags":[],"class_list":["post-17444","post","type-post","status-publish","format-standard","has-post-thumbnail","hentry","category-liga-federal"],"_links":{"self":[{"href":"http:\/\/zonade3.com.ar\/blog\/wp-json\/wp\/v2\/posts\/17444","targetHints":{"allow":["GET"]}}],"collection":[{"href":"http:\/\/zonade3.com.ar\/blog\/wp-json\/wp\/v2\/posts"}],"about":[{"href":"http:\/\/zonade3.com.ar\/blog\/wp-json\/wp\/v2\/types\/post"}],"author":[{"embeddable":true,"href":"http:\/\/zonade3.com.ar\/blog\/wp-json\/wp\/v2\/users\/2"}],"replies":[{"embeddable":true,"href":"http:\/\/zonade3.com.ar\/blog\/wp-json\/wp\/v2\/comments?post=17444"}],"version-history":[{"count":1,"href":"http:\/\/zonade3.com.ar\/blog\/wp-json\/wp\/v2\/posts\/17444\/revisions"}],"predecessor-version":[{"id":17445,"href":"http:\/\/zonade3.com.ar\/blog\/wp-json\/wp\/v2\/posts\/17444\/revisions\/17445"}],"wp:featuredmedia":[{"embeddable":true,"href":"http:\/\/zonade3.com.ar\/blog\/wp-json\/wp\/v2\/media\/15276"}],"wp:attachment":[{"href":"http:\/\/zonade3.com.ar\/blog\/wp-json\/wp\/v2\/media?parent=17444"}],"wp:term":[{"taxonomy":"category","embeddable":true,"href":"http:\/\/zonade3.com.ar\/blog\/wp-json\/wp\/v2\/categories?post=17444"},{"taxonomy":"post_tag","embeddable":true,"href":"http:\/\/zonade3.com.ar\/blog\/wp-json\/wp\/v2\/tags?post=17444"}],"curies":[{"name":"wp","href":"https:\/\/api.w.org\/{rel}","templated":true}]}}