{"id":17446,"date":"2026-01-30T12:24:11","date_gmt":"2026-01-30T12:24:11","guid":{"rendered":"http:\/\/zonade3.com.ar\/blog\/?p=17446"},"modified":"2026-01-30T12:24:15","modified_gmt":"2026-01-30T12:24:15","slug":"la-morterense-hizo-llegar-a-libertad-la-aceptacion-formal","status":"publish","type":"post","link":"http:\/\/zonade3.com.ar\/blog\/la-morterense-hizo-llegar-a-libertad-la-aceptacion-formal\/","title":{"rendered":"La Morterense hizo llegar a Libertad la aceptaci\u00f3n formal"},"content":{"rendered":"\n<p>En las ultimas horas, la Asoc. de B\u00e1squetbol de Morteros envi\u00f3 la aceptaci\u00f3n formal para participar del Torneo 2026 organizado por la mencionada instituci\u00f3n. El elenco sunchalense por el momento solo arribar\u00e1 con masculino. \u00bfC\u00f3mo queda la relaci\u00f3n del Aurinegro con la ARB? Pr\u00f3ximamente habr\u00e1 novedades&#8230;<br><br>Con misiva dirigida al Presidente Andr\u00e9s Martino, desde la Morterense y con \u00abrelaci\u00f3n a la nota recibida solicitando la participaci\u00f3n como instituci\u00f3n \u201cinvitada\u201d en los Torneos Asociativos de la temporada 2026 en la Rama Masculina, analizada la propuesta y como expresan en dicha nota, que vtra. participaci\u00f3n ser\u00eda beneficiosa<br>fomentando el desarrollo del b\u00e1squetbol en toda la regi\u00f3n\u00bb.<br><br>Mas adelante, se ratifica la aprobaci\u00f3n informando que \u00abla misma fue tratada por la Comisi\u00f3n Directiva conjuntamente con el Consejo Directivo de la Asociaci\u00f3n de B\u00e1squetbol de Morteros en la cual se resolvi\u00f3 aceptar<br>vtra. solicitud\u00bb.<br><br>\u00abEstaremos haciendo llegar la informaci\u00f3n correspondiente al Torneo 2026\u00bb cierra el comunicado oficial.<\/p>\n","protected":false},"excerpt":{"rendered":"<p>En las ultimas horas, la Asoc. de B\u00e1squetbol de Morteros envi\u00f3 la aceptaci\u00f3n formal para participar del Torneo<\/p>\n","protected":false},"author":2,"featured_media":17326,"comment_status":"open","ping_status":"open","sticky":false,"template":"","format":"standard","meta":{"footnotes":""},"categories":[6],"tags":[],"class_list":["post-17446","post","type-post","status-publish","format-standard","has-post-thumbnail","hentry","category-asoc-morteros"],"_links":{"self":[{"href":"http:\/\/zonade3.com.ar\/blog\/wp-json\/wp\/v2\/posts\/17446","targetHints":{"allow":["GET"]}}],"collection":[{"href":"http:\/\/zonade3.com.ar\/blog\/wp-json\/wp\/v2\/posts"}],"about":[{"href":"http:\/\/zonade3.com.ar\/blog\/wp-json\/wp\/v2\/types\/post"}],"author":[{"embeddable":true,"href":"http:\/\/zonade3.com.ar\/blog\/wp-json\/wp\/v2\/users\/2"}],"replies":[{"embeddable":true,"href":"http:\/\/zonade3.com.ar\/blog\/wp-json\/wp\/v2\/comments?post=17446"}],"version-history":[{"count":1,"href":"http:\/\/zonade3.com.ar\/blog\/wp-json\/wp\/v2\/posts\/17446\/revisions"}],"predecessor-version":[{"id":17447,"href":"http:\/\/zonade3.com.ar\/blog\/wp-json\/wp\/v2\/posts\/17446\/revisions\/17447"}],"wp:featuredmedia":[{"embeddable":true,"href":"http:\/\/zonade3.com.ar\/blog\/wp-json\/wp\/v2\/media\/17326"}],"wp:attachment":[{"href":"http:\/\/zonade3.com.ar\/blog\/wp-json\/wp\/v2\/media?parent=17446"}],"wp:term":[{"taxonomy":"category","embeddable":true,"href":"http:\/\/zonade3.com.ar\/blog\/wp-json\/wp\/v2\/categories?post=17446"},{"taxonomy":"post_tag","embeddable":true,"href":"http:\/\/zonade3.com.ar\/blog\/wp-json\/wp\/v2\/tags?post=17446"}],"curies":[{"name":"wp","href":"https:\/\/api.w.org\/{rel}","templated":true}]}}