{"id":17632,"date":"2026-03-08T03:20:06","date_gmt":"2026-03-08T03:20:06","guid":{"rendered":"http:\/\/zonade3.com.ar\/blog\/?p=17632"},"modified":"2026-03-08T03:21:15","modified_gmt":"2026-03-08T03:21:15","slug":"las-claves-del-extraordinario-momento-de-sportivo","status":"publish","type":"post","link":"http:\/\/zonade3.com.ar\/blog\/las-claves-del-extraordinario-momento-de-sportivo\/","title":{"rendered":"Las claves del extraordinario momento de Sportivo"},"content":{"rendered":"\n<p>Club Sportivo Suardi atraviesa su mejor momento en la presente temporada de la Liga. Con racha de 9-0 y una mejora notable en su juego, ha pasado del puesto 14, que generaba preocupaci\u00f3n en la comunidad rojiblanca, a un 4to puesto que devuelve la ilusi\u00f3n de ser protagonista nuevamente como en las anteriores temporadas.<\/p>\n\n\n\n<p>Aqu\u00ed nos animamos a profundizar y analizar las claves que llevaron al equipo del Zurdo Andr\u00e9s Poi a este gran presente.<\/p>\n\n\n\n<ol start=\"1\" class=\"wp-block-list\">\n<li>APROVECHAR LA LOCAL\u00cdA: Le hab\u00eda costado hacerse fuerte en la primera parte del a\u00f1o en el Gigante de la Avenida (5-4). Aprovech\u00f3 la seguidilla de 5 juegos como local, los gan\u00f3 y se afianz\u00f3 en su juego y sobre todo en su confianza.<\/li>\n\n\n\n<li>MEJORA COLECTIVA EN DEFENSA Y ATAQUE: Creci\u00f3 en la mayor\u00eda de los n\u00fameros colectivos. Mejor\u00f3 su ofensiva y su defensa, crecieron sus porcentajes de tiros de campo, estuvo m\u00e1s firme en los rebotes y se pas\u00f3 m\u00e1s y mejor la pelota.<br><img loading=\"lazy\" decoding=\"async\" width=\"1000\" height=\"1250\" class=\"wp-image-17633\" style=\"width: 1000px;\" src=\"http:\/\/zonade3.com.ar\/blog\/wp-content\/uploads\/2026\/03\/placa-1.jpeg\" alt=\"\" srcset=\"http:\/\/zonade3.com.ar\/blog\/wp-content\/uploads\/2026\/03\/placa-1.jpeg 1080w, http:\/\/zonade3.com.ar\/blog\/wp-content\/uploads\/2026\/03\/placa-1-240x300.jpeg 240w, http:\/\/zonade3.com.ar\/blog\/wp-content\/uploads\/2026\/03\/placa-1-819x1024.jpeg 819w, http:\/\/zonade3.com.ar\/blog\/wp-content\/uploads\/2026\/03\/placa-1-768x960.jpeg 768w\" sizes=\"auto, (max-width: 1000px) 100vw, 1000px\" \/><\/li>\n\n\n\n<li>EL FACTOR PABLO MART\u00cdNEZ: Desde lo individual el p\u00edvot santiague\u00f1o es el factor determinante de crecimiento. Su aporte ofensivo creci\u00f3 notablemente en cuanto a puntos, eficacia cerca del canasto y rebotes ofensivos. A partir de la potencia del juego interno, Sportivo encuentra juego para Mart\u00ednez o descargas que muchas veces aprovecha el resto del equipo.<br><img loading=\"lazy\" decoding=\"async\" width=\"1000\" height=\"1250\" class=\"wp-image-17634\" style=\"width: 1000px;\" src=\"http:\/\/zonade3.com.ar\/blog\/wp-content\/uploads\/2026\/03\/placa-2.jpeg\" alt=\"\" srcset=\"http:\/\/zonade3.com.ar\/blog\/wp-content\/uploads\/2026\/03\/placa-2.jpeg 1080w, http:\/\/zonade3.com.ar\/blog\/wp-content\/uploads\/2026\/03\/placa-2-240x300.jpeg 240w, http:\/\/zonade3.com.ar\/blog\/wp-content\/uploads\/2026\/03\/placa-2-819x1024.jpeg 819w, http:\/\/zonade3.com.ar\/blog\/wp-content\/uploads\/2026\/03\/placa-2-768x960.jpeg 768w\" sizes=\"auto, (max-width: 1000px) 100vw, 1000px\" \/><\/li>\n\n\n\n<li>EL ROL DECISIVO DE CALDER\u00d3N: Durante la racha de victorias su aporte ofensivo creci\u00f3 a 16 puntos por juego, pero con menos minutos en cancha. Pas\u00f3 de jugar casi 33 minutos a casi 27 durante el 9-0. Ahora tiene m\u00e1s descanso con la llegada de Vittar y menos responsabilidad en ciertos pasajes, lo que lo hace llegar m\u00e1s fresco al final del juego, donde fue determinante en los partidos m\u00e1s cerrados (Amancay con doble y falta para mandar a suplementario y Jujuy con 2 triples para pasar al frente).<\/li>\n\n\n\n<li>EL APORTE DESDE LA BANCA: Los suplentes aportaron 7 puntos m\u00e1s durante esta racha de victorias. Los que m\u00e1s suman son Milton Vittar (8,2), Seba Braida (8,1) y Nahuel Fino (7,1).<br><img loading=\"lazy\" decoding=\"async\" width=\"1000\" height=\"1250\" class=\"wp-image-17635\" style=\"width: 1000px;\" src=\"http:\/\/zonade3.com.ar\/blog\/wp-content\/uploads\/2026\/03\/placa-3.jpeg\" alt=\"\" srcset=\"http:\/\/zonade3.com.ar\/blog\/wp-content\/uploads\/2026\/03\/placa-3.jpeg 1080w, http:\/\/zonade3.com.ar\/blog\/wp-content\/uploads\/2026\/03\/placa-3-240x300.jpeg 240w, http:\/\/zonade3.com.ar\/blog\/wp-content\/uploads\/2026\/03\/placa-3-819x1024.jpeg 819w, http:\/\/zonade3.com.ar\/blog\/wp-content\/uploads\/2026\/03\/placa-3-768x960.jpeg 768w\" sizes=\"auto, (max-width: 1000px) 100vw, 1000px\" \/><\/li>\n<\/ol>\n\n\n\n<p><\/p>\n","protected":false},"excerpt":{"rendered":"<p>Club Sportivo Suardi atraviesa su mejor momento en la presente temporada de la Liga. Con racha de 9-0<\/p>\n","protected":false},"author":2,"featured_media":17517,"comment_status":"open","ping_status":"open","sticky":false,"template":"","format":"standard","meta":{"footnotes":""},"categories":[2],"tags":[],"class_list":["post-17632","post","type-post","status-publish","format-standard","has-post-thumbnail","hentry","category-liga-argentina"],"_links":{"self":[{"href":"http:\/\/zonade3.com.ar\/blog\/wp-json\/wp\/v2\/posts\/17632","targetHints":{"allow":["GET"]}}],"collection":[{"href":"http:\/\/zonade3.com.ar\/blog\/wp-json\/wp\/v2\/posts"}],"about":[{"href":"http:\/\/zonade3.com.ar\/blog\/wp-json\/wp\/v2\/types\/post"}],"author":[{"embeddable":true,"href":"http:\/\/zonade3.com.ar\/blog\/wp-json\/wp\/v2\/users\/2"}],"replies":[{"embeddable":true,"href":"http:\/\/zonade3.com.ar\/blog\/wp-json\/wp\/v2\/comments?post=17632"}],"version-history":[{"count":2,"href":"http:\/\/zonade3.com.ar\/blog\/wp-json\/wp\/v2\/posts\/17632\/revisions"}],"predecessor-version":[{"id":17637,"href":"http:\/\/zonade3.com.ar\/blog\/wp-json\/wp\/v2\/posts\/17632\/revisions\/17637"}],"wp:featuredmedia":[{"embeddable":true,"href":"http:\/\/zonade3.com.ar\/blog\/wp-json\/wp\/v2\/media\/17517"}],"wp:attachment":[{"href":"http:\/\/zonade3.com.ar\/blog\/wp-json\/wp\/v2\/media?parent=17632"}],"wp:term":[{"taxonomy":"category","embeddable":true,"href":"http:\/\/zonade3.com.ar\/blog\/wp-json\/wp\/v2\/categories?post=17632"},{"taxonomy":"post_tag","embeddable":true,"href":"http:\/\/zonade3.com.ar\/blog\/wp-json\/wp\/v2\/tags?post=17632"}],"curies":[{"name":"wp","href":"https:\/\/api.w.org\/{rel}","templated":true}]}}