{"id":17642,"date":"2026-03-08T18:13:54","date_gmt":"2026-03-08T18:13:54","guid":{"rendered":"http:\/\/zonade3.com.ar\/blog\/?p=17642"},"modified":"2026-03-08T18:13:56","modified_gmt":"2026-03-08T18:13:56","slug":"sportivo-quiere-cantar-la-decima-al-hilo","status":"publish","type":"post","link":"http:\/\/zonade3.com.ar\/blog\/sportivo-quiere-cantar-la-decima-al-hilo\/","title":{"rendered":"Sportivo quiere cantar la d\u00e9cima al hilo"},"content":{"rendered":"\n<p>El Rojiblanco jugar\u00e1 el \u00faltimo partido de la fase regular en el Gigante de la Avenida, despu\u00e9s de la exitosa gira por el Norte del pa\u00eds. Ser\u00e1 ante Comunicaciones de Corrientes desde las 21hs., donde Sportivo buscar\u00e1 aprovechar las ca\u00eddas de Salta y Santa Paula para afianzarse en el 4to lugar que le d\u00e9 el pase directo a octavos.<\/p>\n\n\n\n<p>ANTECEDENTE: 24\/11\/2025. Victoria de Sportivo en Mercedes 78-85, en suplementario, luego de empatar en 74.<\/p>\n\n\n\n<p>C\u00d3MO LLEGAN: Sportivo meti\u00f3 victorias claves en el Norte ante Salta y Jujuy, estir\u00f3 la racha a 9-0 y se meti\u00f3 en la 4ta posici\u00f3n con 17-11. De local sigue invicto en el a\u00f1o con 8 victorias. Comunicaciones viene de perder en San Francisco ante San Isidro 99-82. Hab\u00eda iniciado la gira con victoria ante Col\u00f3n. Como visitante est\u00e1 3-11.<\/p>\n\n\n\n<p>JUGADORES CLAVE: Pablo Mart\u00ednez es el jugador clave en la seguidilla de victorias rojiblanca. Su crecimiento es notable en puntos (de 12 a 18), rebotes y porcentaje de lanzamientos de campo y tiros libres.<\/p>\n\n\n\n<p>El venezolano Franger Pirela es el m\u00e1ximo anotador de Comunicaciones en la temporada con 14,6 puntos de promedio. En la victoria ante Col\u00f3n del jueves meti\u00f3 24. No jug\u00f3 el primer partido en Mercedes ante Sportivo por estar con su selecci\u00f3n.<\/p>\n\n\n\n<p>EL DATO: Comunicaciones jugar\u00e1 su 3er partido en 4 d\u00edas. Los que m\u00e1s acumularon minutos en los juegos anteriores fueron: Pirela (26 minutos por partido), Bruner (25), Allende (23) y Pineda (23). Bastardo jug\u00f3 apenas 6 minutos el primer partido en Santa Fe y 23 el segundo en San Francisco.<\/p>\n\n\n\n<p>\u00c1RBITROS: Gustavo D&#8217;anna y Ariel Mudsky.<\/p>\n\n\n\n<p><\/p>\n","protected":false},"excerpt":{"rendered":"<p>El Rojiblanco jugar\u00e1 el \u00faltimo partido de la fase regular en el Gigante de la Avenida, despu\u00e9s de<\/p>\n","protected":false},"author":2,"featured_media":17122,"comment_status":"open","ping_status":"open","sticky":false,"template":"","format":"standard","meta":{"footnotes":""},"categories":[2],"tags":[],"class_list":["post-17642","post","type-post","status-publish","format-standard","has-post-thumbnail","hentry","category-liga-argentina"],"_links":{"self":[{"href":"http:\/\/zonade3.com.ar\/blog\/wp-json\/wp\/v2\/posts\/17642","targetHints":{"allow":["GET"]}}],"collection":[{"href":"http:\/\/zonade3.com.ar\/blog\/wp-json\/wp\/v2\/posts"}],"about":[{"href":"http:\/\/zonade3.com.ar\/blog\/wp-json\/wp\/v2\/types\/post"}],"author":[{"embeddable":true,"href":"http:\/\/zonade3.com.ar\/blog\/wp-json\/wp\/v2\/users\/2"}],"replies":[{"embeddable":true,"href":"http:\/\/zonade3.com.ar\/blog\/wp-json\/wp\/v2\/comments?post=17642"}],"version-history":[{"count":1,"href":"http:\/\/zonade3.com.ar\/blog\/wp-json\/wp\/v2\/posts\/17642\/revisions"}],"predecessor-version":[{"id":17643,"href":"http:\/\/zonade3.com.ar\/blog\/wp-json\/wp\/v2\/posts\/17642\/revisions\/17643"}],"wp:featuredmedia":[{"embeddable":true,"href":"http:\/\/zonade3.com.ar\/blog\/wp-json\/wp\/v2\/media\/17122"}],"wp:attachment":[{"href":"http:\/\/zonade3.com.ar\/blog\/wp-json\/wp\/v2\/media?parent=17642"}],"wp:term":[{"taxonomy":"category","embeddable":true,"href":"http:\/\/zonade3.com.ar\/blog\/wp-json\/wp\/v2\/categories?post=17642"},{"taxonomy":"post_tag","embeddable":true,"href":"http:\/\/zonade3.com.ar\/blog\/wp-json\/wp\/v2\/tags?post=17642"}],"curies":[{"name":"wp","href":"https:\/\/api.w.org\/{rel}","templated":true}]}}