{"id":17644,"date":"2026-03-09T03:48:32","date_gmt":"2026-03-09T03:48:32","guid":{"rendered":"http:\/\/zonade3.com.ar\/blog\/?p=17644"},"modified":"2026-03-09T03:48:35","modified_gmt":"2026-03-09T03:48:35","slug":"centro-social-se-quedo-con-el-clasico-de-brinkmann","status":"publish","type":"post","link":"http:\/\/zonade3.com.ar\/blog\/centro-social-se-quedo-con-el-clasico-de-brinkmann\/","title":{"rendered":"Centro Social se qued\u00f3 con el cl\u00e1sico de Brinkmann"},"content":{"rendered":"\n<p>Centro Social domin\u00f3 el cl\u00e1sico ante San Jorge y se llev\u00f3 un triunfazo 91-79 en el debut Asociativo. Los parciales 19-27\/ 20-16\/ 17-18 y 23-30. <br><br>El m\u00e1ximo anotador del equipo local fue L\u00e1zaro Pastore, con 25 puntos, seguido por Oscar Cabrera con 17. En tanto, en Centro Social, Facundo Costamagna fue el goleador del partido con 25 puntos seguido por Maxi Blangini con 21 y Mateo Ternavasio con 15, ambos debutando en el rojinegro.<br><br>Los resultados: <br><br><strong>Porte\u00f1a Asoc. 79-75 Tiro Federal<\/strong><\/p>\n\n\n\n<p>Parciales: 24-26\/ 13-12\/ 29-17 y 13-20<br>Nicolas Caballo 34 puntos \u2013 Matias Righetti 13 \u2013 Lautaro Aguirre 12 (Pacyd)<br>Agust\u00edn Busso 20 \u2013 Matias Novello 26 puntos y 7 rebotes (TFDM)<\/p>\n\n\n\n<p><strong>Uni\u00f3n (SG) 86-59 San Isidro<\/strong><\/p>\n\n\n\n<p>Parciales: 29-12\/ 14-14\/ 20-12\/ 23-21<br>Sebastian Abba 17 puntos y 9 rebotes \u2013 Alejo Mendez 15 y 9 rebotes (Union)<br>Francisco Melastro y Emilio Boy\u00e9 (9 rebotes) 20 puntos (CASI)<\/p>\n\n\n\n<p><strong>El Tala 66-76 Sportivo Suardi<\/strong><\/p>\n\n\n\n<p>Parciales: 15-25\/ 25-10\/ 6-17 y 20-24<br>Oreste de la Rua 14 puntos \u2013 Manuel Olocco 13 y 7 rebotes (El Tala)<br>Santiago Pinetti 18 y 6 rebotes \u2013 Mirko Kozar 18 \u2013 Gabriel Prado 10 (Sportivo)<\/p>\n\n\n\n<p><strong>9 de Morteros 66-72 Libertad (Sunchales)<\/strong><\/p>\n\n\n\n<p>Parciales: 13-16\/ 15-9\/ 9-24 y 29-23<br>Mateo Montenegro 26 puntos (5\/8 en triples) \u2013 Hern\u00e1n Acu\u00f1a 15 puntos y 16 rebotes (9 de Julio)<br>Santiago Paira y Facundo Ortiz 14 tantos (7 rebotes) (Libertad)<\/p>\n\n\n\n<p>El Ceibo \u2013 Devoto \u2013 Lunes 9 \u2013 21:00 hrs<\/p>\n","protected":false},"excerpt":{"rendered":"<p>Centro Social domin\u00f3 el cl\u00e1sico ante San Jorge y se llev\u00f3 un triunfazo 91-79 en el debut Asociativo.<\/p>\n","protected":false},"author":2,"featured_media":17645,"comment_status":"open","ping_status":"open","sticky":false,"template":"","format":"standard","meta":{"footnotes":""},"categories":[6],"tags":[],"class_list":["post-17644","post","type-post","status-publish","format-standard","has-post-thumbnail","hentry","category-asoc-morteros"],"_links":{"self":[{"href":"http:\/\/zonade3.com.ar\/blog\/wp-json\/wp\/v2\/posts\/17644","targetHints":{"allow":["GET"]}}],"collection":[{"href":"http:\/\/zonade3.com.ar\/blog\/wp-json\/wp\/v2\/posts"}],"about":[{"href":"http:\/\/zonade3.com.ar\/blog\/wp-json\/wp\/v2\/types\/post"}],"author":[{"embeddable":true,"href":"http:\/\/zonade3.com.ar\/blog\/wp-json\/wp\/v2\/users\/2"}],"replies":[{"embeddable":true,"href":"http:\/\/zonade3.com.ar\/blog\/wp-json\/wp\/v2\/comments?post=17644"}],"version-history":[{"count":1,"href":"http:\/\/zonade3.com.ar\/blog\/wp-json\/wp\/v2\/posts\/17644\/revisions"}],"predecessor-version":[{"id":17646,"href":"http:\/\/zonade3.com.ar\/blog\/wp-json\/wp\/v2\/posts\/17644\/revisions\/17646"}],"wp:featuredmedia":[{"embeddable":true,"href":"http:\/\/zonade3.com.ar\/blog\/wp-json\/wp\/v2\/media\/17645"}],"wp:attachment":[{"href":"http:\/\/zonade3.com.ar\/blog\/wp-json\/wp\/v2\/media?parent=17644"}],"wp:term":[{"taxonomy":"category","embeddable":true,"href":"http:\/\/zonade3.com.ar\/blog\/wp-json\/wp\/v2\/categories?post=17644"},{"taxonomy":"post_tag","embeddable":true,"href":"http:\/\/zonade3.com.ar\/blog\/wp-json\/wp\/v2\/tags?post=17644"}],"curies":[{"name":"wp","href":"https:\/\/api.w.org\/{rel}","templated":true}]}}