{"id":17647,"date":"2026-03-09T04:41:10","date_gmt":"2026-03-09T04:41:10","guid":{"rendered":"http:\/\/zonade3.com.ar\/blog\/?p=17647"},"modified":"2026-03-09T04:48:55","modified_gmt":"2026-03-09T04:48:55","slug":"en-un-duelo-extenuante-sportivo-sufrio-pero-grito-la-10ma-victoria-en-fila","status":"publish","type":"post","link":"http:\/\/zonade3.com.ar\/blog\/en-un-duelo-extenuante-sportivo-sufrio-pero-grito-la-10ma-victoria-en-fila\/","title":{"rendered":"En un duelo extenuante, Sportivo sufri\u00f3 pero grit\u00f3 la 10ma. victoria en fila"},"content":{"rendered":"\n<p>En la noche del domingo, Sportivo Suardi y Comunicaciones de Corrientes protagonizaron una verdadera batalla deportiva que se defini\u00f3 en doble suplementario. El resultado final fue un ajustado 102-101 con parciales 17-17\/ 29-22\/ 14-28 y 25-18. Sup 1 y 2: 11-11\/ 6-5. El hombre del partido fue Santiago Calder\u00f3n con 41 puntos, 4 rebotes y 2 asistencias. En Comu, el venezolano Franger Pirela meti\u00f3 21 puntos, 5 rebotes y 4 asistencias.<br><br>Ahora se viene la ultima gira de la fase regular: el mi\u00e9rcoles 11 con Barrio Parque en C\u00f3rdoba, el lunes 16 y mi\u00e9rcoles 18 en la provincia de Mendoza con Hurac\u00e1n y Rivadavia, respectivamente.<\/p>\n\n\n\n<p>El local inici\u00f3 su jornada con un gran nivel, mostrando determinaci\u00f3n. Sin embargo, fue el equipo visitante quien respondi\u00f3 con un contundente parcial de 10-0, logrando as\u00ed tomar el control del partido en esos primeros minutos. Aprovechando un tiempo muerto solicitado por el entrenador Andr\u00e9s Poi, el local reaccion\u00f3 r\u00e1pidamente. Este llamado a la calma permiti\u00f3 a Sportivo Suardi establecer un parcial que equilibr\u00f3 el marcador.<\/p>\n\n\n\n<p>La figura descollante del primer tiempo fue Santiago Calder\u00f3n realizando contribuciones claves desde el per\u00edmetro. Adem\u00e1s, la respuesta desde el banco fue notable, ya que los suplentes de Sportivo aportaron 20 puntos, demostrando la profundidad del plantel suardense. Sportivo se fue ganancioso al descanso largo, aunque con la prudencia de saber que el rival contaba con material de sobra para mantener sus intenciones de victoria.<br><br>El segundo tiempo del intenso enfrentamiento fue marcado por un juego extremadamente friccionado y luchado, donde ambos equipos jugaron al l\u00edmite. Durante el tercer cuarto, el conjunto visitante tom\u00f3 el control, dificultando la tarea del local y complicando el establecimiento de su sistema de juego fluido.<\/p>\n\n\n\n<p>A medida que el partido avanzaba, se hizo cada vez m\u00e1s complicado para ambos, que a veces recurrieron a situaciones individuales en lugar de una ofensiva organizada. El Rojiblanco se vio maniatado en su estilo de juego habitual, con poca circulaci\u00f3n de bal\u00f3n en el poste bajo, lo que limit\u00f3 las oportunidades para un bien defendido Pablo Mart\u00ednez. En este contexto, el ataque del equipo se centr\u00f3 casi exclusivamente en Santiago Calder\u00f3n, quien, a pesar de las dificultades, mostr\u00f3 destellos de brillantez, a veces liderando con gran efectividad, pero en momentos forzando demasiado el ataque.<\/p>\n\n\n\n<p>A solo 9&#8243; del final de los 40&#8242;, Damian Pineda lanz\u00f3 un triple que permiti\u00f3 a Comunicaciones empatar el juego, generando una atm\u00f3sfera de tensi\u00f3n en el estadio. Sportivo, con su tiempo pedido por el entrenador, dise\u00f1\u00f3 una jugada que buscaba a Mart\u00ednez, pero la acci\u00f3n se diluy\u00f3 debido a un mal control del bal\u00f3n por parte del pivote, quedando sin concretar la ofensiva. Todos a la pr\u00f3rroga.<br><br>El tr\u00e1mite re\u00f1ido prosigui\u00f3. El primer suplementario se defini\u00f3 con un doble de Pirela que le dio a su equipo la ventaja por 1 punto. El venezolano se lo dedic\u00f3 a la gente local lo que deriv\u00f3 en una falta t\u00e9cnica que cobr\u00f3 Calder\u00f3n para empatar el score. Luego, en el momento clave, Rigada intent\u00f3 anotar el doble de la victoria, pero no logr\u00f3 concretar. <br><br>En el segundo suplementario y tras un nuevo palo y palo, Calder\u00f3n recuper\u00f3 el bal\u00f3n y asisti\u00f3 a Milton Vittar, quien anot\u00f3 un importante doble que a la postre ser\u00eda el de la victoria. Antes, el ambiente se torn\u00f3 a\u00fan mas tenso cuando Agust\u00edn Bruner tuvo la oportunidad para ganar, pero su lanzamiento result\u00f3 err\u00e1tico, impidiendo que su equipo se llevara la victoria en un final candente.<\/p>\n\n\n\n<p><\/p>\n","protected":false},"excerpt":{"rendered":"<p>En la noche del domingo, Sportivo Suardi y Comunicaciones de Corrientes protagonizaron una verdadera batalla deportiva que se<\/p>\n","protected":false},"author":2,"featured_media":17648,"comment_status":"open","ping_status":"open","sticky":false,"template":"","format":"standard","meta":{"footnotes":""},"categories":[2],"tags":[],"class_list":["post-17647","post","type-post","status-publish","format-standard","has-post-thumbnail","hentry","category-liga-argentina"],"_links":{"self":[{"href":"http:\/\/zonade3.com.ar\/blog\/wp-json\/wp\/v2\/posts\/17647","targetHints":{"allow":["GET"]}}],"collection":[{"href":"http:\/\/zonade3.com.ar\/blog\/wp-json\/wp\/v2\/posts"}],"about":[{"href":"http:\/\/zonade3.com.ar\/blog\/wp-json\/wp\/v2\/types\/post"}],"author":[{"embeddable":true,"href":"http:\/\/zonade3.com.ar\/blog\/wp-json\/wp\/v2\/users\/2"}],"replies":[{"embeddable":true,"href":"http:\/\/zonade3.com.ar\/blog\/wp-json\/wp\/v2\/comments?post=17647"}],"version-history":[{"count":2,"href":"http:\/\/zonade3.com.ar\/blog\/wp-json\/wp\/v2\/posts\/17647\/revisions"}],"predecessor-version":[{"id":17650,"href":"http:\/\/zonade3.com.ar\/blog\/wp-json\/wp\/v2\/posts\/17647\/revisions\/17650"}],"wp:featuredmedia":[{"embeddable":true,"href":"http:\/\/zonade3.com.ar\/blog\/wp-json\/wp\/v2\/media\/17648"}],"wp:attachment":[{"href":"http:\/\/zonade3.com.ar\/blog\/wp-json\/wp\/v2\/media?parent=17647"}],"wp:term":[{"taxonomy":"category","embeddable":true,"href":"http:\/\/zonade3.com.ar\/blog\/wp-json\/wp\/v2\/categories?post=17647"},{"taxonomy":"post_tag","embeddable":true,"href":"http:\/\/zonade3.com.ar\/blog\/wp-json\/wp\/v2\/tags?post=17647"}],"curies":[{"name":"wp","href":"https:\/\/api.w.org\/{rel}","templated":true}]}}