{"id":17671,"date":"2026-03-11T22:19:23","date_gmt":"2026-03-11T22:19:23","guid":{"rendered":"http:\/\/zonade3.com.ar\/blog\/?p=17671"},"modified":"2026-03-11T22:30:48","modified_gmt":"2026-03-11T22:30:48","slug":"lucca-theiler-jugara-en-chile","status":"publish","type":"post","link":"http:\/\/zonade3.com.ar\/blog\/lucca-theiler-jugara-en-chile\/","title":{"rendered":"Lucca Theiler jugar\u00e1 en Chile"},"content":{"rendered":"\n<p>El oriundo de San Crist\u00f3bal acept\u00f3 una propuesta de un club trasandino y continuar\u00e1 su carrera en ese pa\u00eds. Lucca ser\u00e1 una de las Fichas extranjeras U23 de la instituci\u00f3n Alem\u00e1n de Puerto Varas, ubicada al sur de Chile (cerca de Villa La Angostura en nuestro pa\u00eds) y despu\u00e9s de Diego Garc\u00eda, ser\u00e1 el segundo jugador sancristobalense que competir\u00e1 en el exterior.<br><br>Alem\u00e1n har\u00e1 su presentaci\u00f3n en la segunda divisi\u00f3n del basquet chileno, inserto en una zona con representaci\u00f3n con equipos en Primera, muy cerca de Puerto Montt.<br><br>A trav\u00e9s de un seguimiento, luego de un Campus realizado hace un tiempo, un entrenador de Pergamino promovi\u00f3 el surgimiento de la propuesta. Nacido basquetbol\u00edsticamente en Racing de San Crist\u00f3bal, con paso por Atl\u00e9tico Tostado, tiene experiencia en Liga Argentina, tras jugar en Tucum\u00e1n y San Juan. Su viaje est\u00e1 previsto para este s\u00e1bado 14 de marzo. El torneo comenzar\u00eda el 28 y debuta de local en Puerto Varas. <br><br>\u00abUna hermosa experiencia y un desaf\u00edo personal\u00bb, expres\u00f3 el jugador en di\u00e1logo con los colegas de Informe 4.<\/p>\n\n\n\n<p><\/p>\n","protected":false},"excerpt":{"rendered":"<p>El oriundo de San Crist\u00f3bal acept\u00f3 una propuesta de un club trasandino y continuar\u00e1 su carrera en ese<\/p>\n","protected":false},"author":2,"featured_media":17672,"comment_status":"open","ping_status":"open","sticky":false,"template":"","format":"standard","meta":{"footnotes":""},"categories":[16],"tags":[],"class_list":["post-17671","post","type-post","status-publish","format-standard","has-post-thumbnail","hentry","category-novedades"],"_links":{"self":[{"href":"http:\/\/zonade3.com.ar\/blog\/wp-json\/wp\/v2\/posts\/17671","targetHints":{"allow":["GET"]}}],"collection":[{"href":"http:\/\/zonade3.com.ar\/blog\/wp-json\/wp\/v2\/posts"}],"about":[{"href":"http:\/\/zonade3.com.ar\/blog\/wp-json\/wp\/v2\/types\/post"}],"author":[{"embeddable":true,"href":"http:\/\/zonade3.com.ar\/blog\/wp-json\/wp\/v2\/users\/2"}],"replies":[{"embeddable":true,"href":"http:\/\/zonade3.com.ar\/blog\/wp-json\/wp\/v2\/comments?post=17671"}],"version-history":[{"count":2,"href":"http:\/\/zonade3.com.ar\/blog\/wp-json\/wp\/v2\/posts\/17671\/revisions"}],"predecessor-version":[{"id":17675,"href":"http:\/\/zonade3.com.ar\/blog\/wp-json\/wp\/v2\/posts\/17671\/revisions\/17675"}],"wp:featuredmedia":[{"embeddable":true,"href":"http:\/\/zonade3.com.ar\/blog\/wp-json\/wp\/v2\/media\/17672"}],"wp:attachment":[{"href":"http:\/\/zonade3.com.ar\/blog\/wp-json\/wp\/v2\/media?parent=17671"}],"wp:term":[{"taxonomy":"category","embeddable":true,"href":"http:\/\/zonade3.com.ar\/blog\/wp-json\/wp\/v2\/categories?post=17671"},{"taxonomy":"post_tag","embeddable":true,"href":"http:\/\/zonade3.com.ar\/blog\/wp-json\/wp\/v2\/tags?post=17671"}],"curies":[{"name":"wp","href":"https:\/\/api.w.org\/{rel}","templated":true}]}}