{"id":17679,"date":"2026-03-13T19:41:11","date_gmt":"2026-03-13T19:41:11","guid":{"rendered":"http:\/\/zonade3.com.ar\/blog\/?p=17679"},"modified":"2026-03-13T19:41:13","modified_gmt":"2026-03-13T19:41:13","slug":"atletico-sastre-derroto-a-atletico-tostado","status":"publish","type":"post","link":"http:\/\/zonade3.com.ar\/blog\/atletico-sastre-derroto-a-atletico-tostado\/","title":{"rendered":"Atl\u00e9tico Sastre derrot\u00f3 a Atl\u00e9tico Tostado"},"content":{"rendered":"\n<p>Atl\u00e9tico Sastre vivi\u00f3 una noche especial y la coron\u00f3 de la mejor manera. En su regreso como local a un torneo nacional despu\u00e9s de 20 a\u00f1os, derrot\u00f3 a Atl\u00e9tico Tostado por 77 a 70 en el encuentro correspondiente a la segunda fecha de la zona B de la Conferencia Centro.<\/p>\n\n\n\n<p>Ante un buen marco de p\u00fablico, el local consigui\u00f3 su primera victoria de la temporada y dej\u00f3 atr\u00e1s la ajustada derrota sufrida en tiempo extra (77-81) en el debut frente a Uni\u00f3n y Juventud de Bandera, Santiago del Estero.<\/p>\n\n\n\n<p>El partido fue parejo durante gran parte del desarrollo. Atl\u00e9tico Sastre logr\u00f3 sacar diferencias en el primer cuarto (27-17), sin embargo, Atl. Tostado reaccion\u00f3 r\u00e1pidamente en los segundos 10 minutos de juego e igual\u00f3 la historia. Al descanso largo, el local se fue arriba por 3 (41 a 38).<\/p>\n\n\n\n<p>Atl\u00e9tico Tostado fue una topadora en el tercer parcial y la Academia no mostr\u00f3 resistencia. La visita lleg\u00f3 a sacar una ventaja de 10 puntos, pero el Albiceleste recort\u00f3 sobre el cierre para entrar a jugar el \u00faltimo cuarto 54-61<\/p>\n\n\n\n<p>Sobe el final el conjunto de Diego Ferrari tuvo momentos de furia y, en tan s\u00f3lo dos minutos, revirti\u00f3 el marcador y pas\u00f3 al frente 70 a 67. El cierre se hizo emotivo y vibrante, pero a falta de 38 segundos un triple de Melastro catapult\u00f3 todas las ilusiones de Atl. Tostado.  Los goleadores del encuentro fueron Ferrari (28) y Robledo (17).<br><br>Fuente\/Foto: Prensa Atl\u00e9tico Sastre<\/p>\n\n\n\n<p><\/p>\n","protected":false},"excerpt":{"rendered":"<p>Atl\u00e9tico Sastre vivi\u00f3 una noche especial y la coron\u00f3 de la mejor manera. En su regreso como local<\/p>\n","protected":false},"author":2,"featured_media":17680,"comment_status":"open","ping_status":"open","sticky":false,"template":"","format":"standard","meta":{"footnotes":""},"categories":[5],"tags":[],"class_list":["post-17679","post","type-post","status-publish","format-standard","has-post-thumbnail","hentry","category-liga-federal"],"_links":{"self":[{"href":"http:\/\/zonade3.com.ar\/blog\/wp-json\/wp\/v2\/posts\/17679","targetHints":{"allow":["GET"]}}],"collection":[{"href":"http:\/\/zonade3.com.ar\/blog\/wp-json\/wp\/v2\/posts"}],"about":[{"href":"http:\/\/zonade3.com.ar\/blog\/wp-json\/wp\/v2\/types\/post"}],"author":[{"embeddable":true,"href":"http:\/\/zonade3.com.ar\/blog\/wp-json\/wp\/v2\/users\/2"}],"replies":[{"embeddable":true,"href":"http:\/\/zonade3.com.ar\/blog\/wp-json\/wp\/v2\/comments?post=17679"}],"version-history":[{"count":1,"href":"http:\/\/zonade3.com.ar\/blog\/wp-json\/wp\/v2\/posts\/17679\/revisions"}],"predecessor-version":[{"id":17681,"href":"http:\/\/zonade3.com.ar\/blog\/wp-json\/wp\/v2\/posts\/17679\/revisions\/17681"}],"wp:featuredmedia":[{"embeddable":true,"href":"http:\/\/zonade3.com.ar\/blog\/wp-json\/wp\/v2\/media\/17680"}],"wp:attachment":[{"href":"http:\/\/zonade3.com.ar\/blog\/wp-json\/wp\/v2\/media?parent=17679"}],"wp:term":[{"taxonomy":"category","embeddable":true,"href":"http:\/\/zonade3.com.ar\/blog\/wp-json\/wp\/v2\/categories?post=17679"},{"taxonomy":"post_tag","embeddable":true,"href":"http:\/\/zonade3.com.ar\/blog\/wp-json\/wp\/v2\/tags?post=17679"}],"curies":[{"name":"wp","href":"https:\/\/api.w.org\/{rel}","templated":true}]}}