{"id":17707,"date":"2026-03-17T03:35:39","date_gmt":"2026-03-17T03:35:39","guid":{"rendered":"http:\/\/zonade3.com.ar\/blog\/?p=17707"},"modified":"2026-03-17T03:35:44","modified_gmt":"2026-03-17T03:35:44","slug":"en-la-noche-del-lunes-san-isidro-supero-a-portena-asoc","status":"publish","type":"post","link":"http:\/\/zonade3.com.ar\/blog\/en-la-noche-del-lunes-san-isidro-supero-a-portena-asoc\/","title":{"rendered":"En la noche del lunes, San Isidro super\u00f3 a Porte\u00f1a Asoc."},"content":{"rendered":"\n<p>Este lunes termin\u00f3 la segunda fecha del Asociativo con victoria de San Isidro sobre Porte\u00f1a Asoc. por 77-55 con segmentos de 19-16\/ 31-12\/ 18-17 y 9-10. <br><br>En Sani el goleador fue Dante Martina con 16 puntos y 6 rebotes. Tambi\u00e9n Sim\u00f3n Chemez aport\u00f3 14 tantos y 8 rebotes. En tanto, en Porte\u00f1a, Lautaro Aguirre sum\u00f3 17 puntos y 11 rebotes mientras que Agust\u00edn Blasi encest\u00f3 11 con 4 rebotes. <br><br>Recordemos que el domingo, el Cl\u00e1sico de la ciudad de Morteros qued\u00f3 para Tiro Federal, cortando as\u00ed una larga racha adversa de 16 derrotas ante 9 de Julio. En el Estadio \u00abCarlos Cerutti\u00bb el triunfo de los de Jos\u00e9 Pestuggia fue 82-62 con parciales de 8-16\/ 23-17\/ 9-20 y 22-29.<\/p>\n\n\n\n<p>Los otros resultados de la fecha:<\/p>\n\n\n\n<p>Sportivo Suardi 68-58 Uni\u00f3n de San Guillermo<br>Parciales 24-19\/ 18-20\/ 8-14 y 18-5.<\/p>\n\n\n\n<p>Santiago Pinetti 18 puntos y 6 rebotes<br>Mirko Kozar 14 puntos<br>Manuel Frugoni Zavala 8 puntos, 11 rebotes y 4 asistencias.<\/p>\n\n\n\n<p>Alejo Mendez 20 puntos y 4 rebotes<br>Andr\u00e9s Miguel con 13 tantos y 5 rebotes.<\/p>\n\n\n\n<p>Libertad (S) 66-64 El Tala (SF)<br>Parciales: 11-25\/ 22-19\/ 20-13 y 13-6<\/p>\n\n\n\n<p>Matias Reynoso 23 puntos y 6 rebotes (L)<br>Facundo Ortiz 12 puntos<\/p>\n\n\n\n<p>Manuel Olocco 19 y 8 rebotes (ET)<br>Franco Riffle con 11 puntos<\/p>\n\n\n\n<p>San Jorge 57-85 El Ceibo<br>Parciales: 12-20\/ 10-20\/ 21-19 y 14-26<\/p>\n\n\n\n<p>Maxi Ferraresi 15 puntos (SJ)<br>Oscar Cabrera 13 unidades<\/p>\n\n\n\n<p>Manuel Moran 13 puntos (EC)<br>Sebastian Fux, Joaquin Prata y Ezequiel Horen 10 unidades<\/p>\n\n\n\n<p>Centro Social 71-54 S S Devoto<br>Parciales: 26-13\/ 15-13\/ 20-8 y 10-20<\/p>\n\n\n\n<p>Facundo Costamagna 14 puntos y 3 asistencias (CSDB)<br>M\u00e1ximo Blangini 12 tantos y 4 rebotes<\/p>\n\n\n\n<p>Facundo Romero 13 puntos (SSD)<br>Brian Mangieri 10 unidades<\/p>\n\n\n\n<p><strong>POSICIONES:\u00a0<\/strong>Sportivo, El Ceibo, Centro, Libertad (S) 4, Uni\u00f3n, San Isidro, Porte\u00f1a y Tiro Federal 3, El Tala, San Jorge, Devoto y 9 de Morteros 2.<\/p>\n\n\n\n<p><\/p>\n","protected":false},"excerpt":{"rendered":"<p>Este lunes termin\u00f3 la segunda fecha del Asociativo con victoria de San Isidro sobre Porte\u00f1a Asoc. por 77-55<\/p>\n","protected":false},"author":2,"featured_media":16636,"comment_status":"open","ping_status":"open","sticky":false,"template":"","format":"standard","meta":{"footnotes":""},"categories":[6],"tags":[],"class_list":["post-17707","post","type-post","status-publish","format-standard","has-post-thumbnail","hentry","category-asoc-morteros"],"_links":{"self":[{"href":"http:\/\/zonade3.com.ar\/blog\/wp-json\/wp\/v2\/posts\/17707","targetHints":{"allow":["GET"]}}],"collection":[{"href":"http:\/\/zonade3.com.ar\/blog\/wp-json\/wp\/v2\/posts"}],"about":[{"href":"http:\/\/zonade3.com.ar\/blog\/wp-json\/wp\/v2\/types\/post"}],"author":[{"embeddable":true,"href":"http:\/\/zonade3.com.ar\/blog\/wp-json\/wp\/v2\/users\/2"}],"replies":[{"embeddable":true,"href":"http:\/\/zonade3.com.ar\/blog\/wp-json\/wp\/v2\/comments?post=17707"}],"version-history":[{"count":1,"href":"http:\/\/zonade3.com.ar\/blog\/wp-json\/wp\/v2\/posts\/17707\/revisions"}],"predecessor-version":[{"id":17708,"href":"http:\/\/zonade3.com.ar\/blog\/wp-json\/wp\/v2\/posts\/17707\/revisions\/17708"}],"wp:featuredmedia":[{"embeddable":true,"href":"http:\/\/zonade3.com.ar\/blog\/wp-json\/wp\/v2\/media\/16636"}],"wp:attachment":[{"href":"http:\/\/zonade3.com.ar\/blog\/wp-json\/wp\/v2\/media?parent=17707"}],"wp:term":[{"taxonomy":"category","embeddable":true,"href":"http:\/\/zonade3.com.ar\/blog\/wp-json\/wp\/v2\/categories?post=17707"},{"taxonomy":"post_tag","embeddable":true,"href":"http:\/\/zonade3.com.ar\/blog\/wp-json\/wp\/v2\/tags?post=17707"}],"curies":[{"name":"wp","href":"https:\/\/api.w.org\/{rel}","templated":true}]}}