{"id":18751,"date":"2026-08-31T01:57:35","date_gmt":"2026-08-31T01:57:35","guid":{"rendered":"http:\/\/zonade3.com.ar\/blog\/?p=18751"},"modified":"2026-08-31T01:57:38","modified_gmt":"2026-08-31T01:57:38","slug":"boca-se-quedo-con-el-cuadrangular-organizado-por-union-de-san-guillermo","status":"publish","type":"post","link":"http:\/\/zonade3.com.ar\/blog\/boca-se-quedo-con-el-cuadrangular-organizado-por-union-de-san-guillermo\/","title":{"rendered":"Boca se qued\u00f3 con el cuadrangular organizado por Uni\u00f3n de San Guillermo"},"content":{"rendered":"\n<p class=\"wp-block-paragraph\">Boca Juniors gan\u00f3 el Cuadrangular organizado por Uni\u00f3n de San Guillermo, en el marco de dos jornadas a puro b\u00e1squet de la Liga Federal Formativa en el \u00abMario A. L\u00f3pez\u00bb.<\/p>\n\n\n\n<p class=\"wp-block-paragraph\">La competencia, correspondiente a la categor\u00eda Cadetes Masculina, reuni\u00f3 a j\u00f3venes talentos que disfrutaron de un intenso fin de semana. El conjunto xeneize fue el mejor del certamen, se qued\u00f3 con el t\u00edtulo y se meti\u00f3 en el Final Four, cerrando de gran manera su participaci\u00f3n en esta nueva experiencia formativa.<br><br>Los resultados: <br>S\u00e1bado<br>Regatas Corrientes 69-77 Boca Juniors<br>Uni\u00f3n 85-74 Comunicaciones (doble suplementario)<br><br>Domingo<br>Regatas 90-61 Comunicaciones<br>Uni\u00f3n 61-76 Boca<br><br>Comunicaciones 50-91 Boca Juniors<br>Uni\u00f3n 43-93 Regatas Corrientes<br><br>1. Boca<br>2. Regatas <br>3. Uni\u00f3n de San Guillermo<br>4. Comunicaciones <\/p>\n","protected":false},"excerpt":{"rendered":"<p>Boca Juniors gan\u00f3 el Cuadrangular organizado por Uni\u00f3n de San Guillermo, en el marco de dos jornadas a<\/p>\n","protected":false},"author":2,"featured_media":18752,"comment_status":"open","ping_status":"open","sticky":false,"template":"","format":"standard","meta":{"footnotes":""},"categories":[5],"tags":[],"class_list":["post-18751","post","type-post","status-publish","format-standard","has-post-thumbnail","hentry","category-liga-federal"],"_links":{"self":[{"href":"http:\/\/zonade3.com.ar\/blog\/wp-json\/wp\/v2\/posts\/18751","targetHints":{"allow":["GET"]}}],"collection":[{"href":"http:\/\/zonade3.com.ar\/blog\/wp-json\/wp\/v2\/posts"}],"about":[{"href":"http:\/\/zonade3.com.ar\/blog\/wp-json\/wp\/v2\/types\/post"}],"author":[{"embeddable":true,"href":"http:\/\/zonade3.com.ar\/blog\/wp-json\/wp\/v2\/users\/2"}],"replies":[{"embeddable":true,"href":"http:\/\/zonade3.com.ar\/blog\/wp-json\/wp\/v2\/comments?post=18751"}],"version-history":[{"count":1,"href":"http:\/\/zonade3.com.ar\/blog\/wp-json\/wp\/v2\/posts\/18751\/revisions"}],"predecessor-version":[{"id":18753,"href":"http:\/\/zonade3.com.ar\/blog\/wp-json\/wp\/v2\/posts\/18751\/revisions\/18753"}],"wp:featuredmedia":[{"embeddable":true,"href":"http:\/\/zonade3.com.ar\/blog\/wp-json\/wp\/v2\/media\/18752"}],"wp:attachment":[{"href":"http:\/\/zonade3.com.ar\/blog\/wp-json\/wp\/v2\/media?parent=18751"}],"wp:term":[{"taxonomy":"category","embeddable":true,"href":"http:\/\/zonade3.com.ar\/blog\/wp-json\/wp\/v2\/categories?post=18751"},{"taxonomy":"post_tag","embeddable":true,"href":"http:\/\/zonade3.com.ar\/blog\/wp-json\/wp\/v2\/tags?post=18751"}],"curies":[{"name":"wp","href":"https:\/\/api.w.org\/{rel}","templated":true}]}}