{"id":18760,"date":"2026-08-31T12:30:28","date_gmt":"2026-08-31T12:30:28","guid":{"rendered":"http:\/\/zonade3.com.ar\/blog\/?p=18760"},"modified":"2026-08-31T12:30:31","modified_gmt":"2026-08-31T12:30:31","slug":"se-completo-la-primera-fecha-de-la-copa-centenario","status":"publish","type":"post","link":"http:\/\/zonade3.com.ar\/blog\/se-completo-la-primera-fecha-de-la-copa-centenario\/","title":{"rendered":"Se complet\u00f3 la primera fecha de la Copa Centenario"},"content":{"rendered":"\n<p class=\"wp-block-paragraph\">La Copa Centenario de Mayores Masculina se transforma en uno de los eventos centrales de los festejos por los 100 a\u00f1os de la Federaci\u00f3n de B\u00e1squetbol de la Provincia de Santa Fe. La competencia reune a clubes de Primera Divisi\u00f3n de las distintas asociaciones santafesinas y ofrecer\u00e1 un incentivo que potenciar\u00e1 el valor deportivo del certamen.<\/p>\n\n\n\n<p class=\"wp-block-paragraph\">La inscripci\u00f3n bonificada a la Liga Federal 2027 se convierte en un reconocimiento al m\u00e9rito deportivo del campe\u00f3n y en una herramienta para seguir impulsando el crecimiento de las instituciones.<\/p>\n\n\n\n<p class=\"wp-block-paragraph\">Tras completarse la primera jornada, Libertad de Sunchales gan\u00f3 en San Javier, en tanto el Cl\u00e1sico de Tostado fue para Atl\u00e9tico y Uni\u00f3n y Juventud de Bandera se hizo fuerte en Ceres.<\/p>\n\n\n\n<p class=\"wp-block-paragraph\">COPA CENTENARIO \u2013 FECHA 1<\/p>\n\n\n\n<p class=\"wp-block-paragraph\">ZONA A<br>Hurac\u00e1n (SJ) 54 (Joaqu\u00edn Fort 17) \u2013 Libertad (Sunchales) 63 (Santiago Paira 19)<br>San Lorenzo (T) 58 (Juan Mantovani 21) \u2013 Atl\u00e9tico Tostado 75 (Maximiliano Robledo 17)<\/p>\n\n\n\n<p class=\"wp-block-paragraph\">ZONA B<br>Central San Javier 79 (Santiago Jorge 26) \u2013 Juventud (Malabrigo) 74 (Agust\u00edn Niveyro 29)<br>Ol\u00edmpico (Ceres) 53 (Andr\u00e9s Mart\u00ednez 12) \u2013 Uni\u00f3n y Juventud 59 (Gabriel Coronel 25)<\/p>\n\n\n\n<p class=\"wp-block-paragraph\">ZONA C<br>Atl\u00e9tico San Jorge 85 (Santino Ferreyra 15) \u2013 Uni\u00f3n (AS) 53 (Augusto Tomasino 15)<br>Atl\u00e9tico Sastre 74 (Ignacio P\u00e9rez 19) \u2013 Independiente (R) 65 (Valent\u00edn Vasquez 15)<\/p>\n\n\n\n<p class=\"wp-block-paragraph\">Datos\/Foto: Marca Personal Web<\/p>\n","protected":false},"excerpt":{"rendered":"<p>La Copa Centenario de Mayores Masculina se transforma en uno de los eventos centrales de los festejos por<\/p>\n","protected":false},"author":2,"featured_media":18761,"comment_status":"open","ping_status":"open","sticky":false,"template":"","format":"standard","meta":{"footnotes":""},"categories":[4],"tags":[],"class_list":["post-18760","post","type-post","status-publish","format-standard","has-post-thumbnail","hentry","category-federativas"],"_links":{"self":[{"href":"http:\/\/zonade3.com.ar\/blog\/wp-json\/wp\/v2\/posts\/18760","targetHints":{"allow":["GET"]}}],"collection":[{"href":"http:\/\/zonade3.com.ar\/blog\/wp-json\/wp\/v2\/posts"}],"about":[{"href":"http:\/\/zonade3.com.ar\/blog\/wp-json\/wp\/v2\/types\/post"}],"author":[{"embeddable":true,"href":"http:\/\/zonade3.com.ar\/blog\/wp-json\/wp\/v2\/users\/2"}],"replies":[{"embeddable":true,"href":"http:\/\/zonade3.com.ar\/blog\/wp-json\/wp\/v2\/comments?post=18760"}],"version-history":[{"count":1,"href":"http:\/\/zonade3.com.ar\/blog\/wp-json\/wp\/v2\/posts\/18760\/revisions"}],"predecessor-version":[{"id":18762,"href":"http:\/\/zonade3.com.ar\/blog\/wp-json\/wp\/v2\/posts\/18760\/revisions\/18762"}],"wp:featuredmedia":[{"embeddable":true,"href":"http:\/\/zonade3.com.ar\/blog\/wp-json\/wp\/v2\/media\/18761"}],"wp:attachment":[{"href":"http:\/\/zonade3.com.ar\/blog\/wp-json\/wp\/v2\/media?parent=18760"}],"wp:term":[{"taxonomy":"category","embeddable":true,"href":"http:\/\/zonade3.com.ar\/blog\/wp-json\/wp\/v2\/categories?post=18760"},{"taxonomy":"post_tag","embeddable":true,"href":"http:\/\/zonade3.com.ar\/blog\/wp-json\/wp\/v2\/tags?post=18760"}],"curies":[{"name":"wp","href":"https:\/\/api.w.org\/{rel}","templated":true}]}}