{"id":260,"date":"2016-11-08T03:33:28","date_gmt":"2016-11-08T03:33:28","guid":{"rendered":"http:\/\/zonade3.com.ar.ar\/blog\/?p=260"},"modified":"2016-11-08T03:33:28","modified_gmt":"2016-11-08T03:33:28","slug":"liga-provincial-de-clubes-se-presento-la-copa-santa-fe","status":"publish","type":"post","link":"http:\/\/zonade3.com.ar\/blog\/liga-provincial-de-clubes-se-presento-la-copa-santa-fe\/","title":{"rendered":"Liga Provincial de Clubes: se present\u00f3 la Copa Santa Fe"},"content":{"rendered":"<p>La Liga Provincial este a\u00f1o ser\u00e1 respaldada por el Gobierno de la Provincia y en el acto de este lunes estuvieron presentes el gobernador Miguel Lifschitz y el vicepresidente de la Federaci\u00f3n Santafesina, Roberto Monti.<br \/>\nEl ingeniero Miguel Lifschitz, gobernador de la provincia de Santa Fe, fue quien encabez\u00f3 este lunes la presentaci\u00f3n de la Copa Santa Fe de B\u00e1squet, Liga Provincial de Mayores, que comenzar\u00e1 a jugarse el 17 de noviembre. El acto se desarroll\u00f3 en el Sal\u00f3n Blanco de Casa de Gobierno.<br \/>\nRoberto Monti, vicepresidente de la Federaci\u00f3n Santafesina, dijo: \u00abEs un orgullo inmenso y satisfacci\u00f3n muy grande contar con el esfuerzo y el apoyo del gobierno provincial de esta competencia que hace 14 a\u00f1os se juega, con equipos de todas las zonas. Un torneo que tiene un<br \/>\nascenso al Torneo Federal. Siempre tratamos de trabajar en beneficio de los clubes de Santa Fe, por eso el apoyo del gobierno depositado<br \/>\nen los clubes es muy importante\u00bb.<br \/>\nMientras que el gobernador Miguel Lifschitz destac\u00f3 que \u00abcon grandes figuras que surgieron de los clubes de la provincia, tenemos no solamente ese pasado glorioso de nuestro b\u00e1squet, sino tambi\u00e9n un presente y futuro promisorio. La funci\u00f3n, el rol, el papel que juegan las instituciones deportivas es fant\u00e1stico, de integraci\u00f3n de ni\u00f1os j\u00f3venes, de toda la familia. Si no existiera esa tarea silenciosa pero efectiva en el interior de la<br \/>\nprovincia, la realidad de los j\u00f3venes ser\u00eda otra. Es la base de la pir\u00e1mide deportiva de la provincia. Quiero desear el mayor de los \u00e9xitos para<br \/>\nesta Copa Santa Fe que tendr\u00e1 una importante presencia de equipos de todas las zonas de la provincia\u201d.<br \/>\nEn tanto, el pr\u00f3ximo s\u00e1bado se realizar\u00e1 en Rosario el sorteo correspondiente para armar las tres zonas de ocho componentes y conocer el programa de partidos. Hay que recordar que el jueves 17 de noviembre, a las 21.30, el partido inaugural se celebrar\u00e1 en el gimnasio V\u00edctor Comelli, de G\u00e1lvez, donde Santa Paula recibir\u00e1 al rival que le toque en suerte. Y el viernes 18 se completar\u00e1 la jornada inicial. La primera fase ser\u00e1 a dos ruedas y clasificar\u00e1n a los playoffs los mejores cinco de cada grupo m\u00e1s el mejor sexto para armar la tabla general del 1\u00ba al 16\u00ba que conformar\u00e1n los playoffs por el ascenso.<br \/>\nFuente: LT10<\/p>\n","protected":false},"excerpt":{"rendered":"<p>La Liga Provincial este a\u00f1o ser\u00e1 respaldada por el Gobierno de la Provincia y en el acto de<\/p>\n","protected":false},"author":2,"featured_media":0,"comment_status":"open","ping_status":"open","sticky":false,"template":"","format":"standard","meta":{"footnotes":""},"categories":[1],"tags":[],"class_list":["post-260","post","type-post","status-publish","format-standard","hentry","category-sin-categoria"],"_links":{"self":[{"href":"http:\/\/zonade3.com.ar\/blog\/wp-json\/wp\/v2\/posts\/260","targetHints":{"allow":["GET"]}}],"collection":[{"href":"http:\/\/zonade3.com.ar\/blog\/wp-json\/wp\/v2\/posts"}],"about":[{"href":"http:\/\/zonade3.com.ar\/blog\/wp-json\/wp\/v2\/types\/post"}],"author":[{"embeddable":true,"href":"http:\/\/zonade3.com.ar\/blog\/wp-json\/wp\/v2\/users\/2"}],"replies":[{"embeddable":true,"href":"http:\/\/zonade3.com.ar\/blog\/wp-json\/wp\/v2\/comments?post=260"}],"version-history":[{"count":1,"href":"http:\/\/zonade3.com.ar\/blog\/wp-json\/wp\/v2\/posts\/260\/revisions"}],"predecessor-version":[{"id":262,"href":"http:\/\/zonade3.com.ar\/blog\/wp-json\/wp\/v2\/posts\/260\/revisions\/262"}],"wp:attachment":[{"href":"http:\/\/zonade3.com.ar\/blog\/wp-json\/wp\/v2\/media?parent=260"}],"wp:term":[{"taxonomy":"category","embeddable":true,"href":"http:\/\/zonade3.com.ar\/blog\/wp-json\/wp\/v2\/categories?post=260"},{"taxonomy":"post_tag","embeddable":true,"href":"http:\/\/zonade3.com.ar\/blog\/wp-json\/wp\/v2\/tags?post=260"}],"curies":[{"name":"wp","href":"https:\/\/api.w.org\/{rel}","templated":true}]}}