{"id":29,"date":"2016-10-20T02:01:37","date_gmt":"2016-10-20T02:01:37","guid":{"rendered":"http:\/\/zonade3.com.ar.ar\/blog\/?p=29"},"modified":"2016-10-20T04:24:39","modified_gmt":"2016-10-20T04:24:39","slug":"ultima-concentracion-de-la-seleccion-nacional-u15-con-gaston-bertona","status":"publish","type":"post","link":"http:\/\/zonade3.com.ar\/blog\/ultima-concentracion-de-la-seleccion-nacional-u15-con-gaston-bertona\/","title":{"rendered":"Ultima concentraci\u00f3n de la Selecci\u00f3n Nacional U15. Gast\u00f3n Bertona est\u00e1 entre los 12"},"content":{"rendered":"<p>Hasta el 23 de octubre, la Preselecci\u00f3n Nacional U15 masculina tendr\u00e1 su quinta y \u00faltima concentraci\u00f3n previa al Sudamericano de la categor\u00eda que se disputar\u00e1 entre el 25 y el 29 de este mes en Asunci\u00f3n, Paraguay. De los jugadores que trabajan bajo las \u00f3rdenes de Diego Lifschitz, esta el sanguillermino Gast\u00f3n Bertona (foto) que en las ultimas horas se confirm\u00f3 que esta entre los 12.<br \/>\nLa Preselecci\u00f3n Nacional U15 dar\u00e1 cierre a su extensa preparaci\u00f3n para el Sudamericano, con una quinta y \u00faltima concentraci\u00f3n que se realizar\u00e1 hasta el 23 de octubre. La misma tiene lugar en el CeNARD y contar\u00e1 con la participaci\u00f3n de los jugadores de los cuales viajar\u00e1n para disputar el torneo continental en Asunci\u00f3n, Paraguay, entre el 25 y el 29 de este mes.<br \/>\nEl equipo argentino disputar\u00e1 dos partidos amistosos en nuestro pa\u00eds ante la Selecci\u00f3n de Uruguay. Una vez finalizada la concentraci\u00f3n, la delegaci\u00f3n argentina partir\u00e1 hacia Asunci\u00f3n el mismo 23 de octubre.<br \/>\nEsta \u00faltima tanda de entrenamientos dar\u00e1 cierre a una larga preparaci\u00f3n por la que han pasado alrededor de 45 jugadores surgidos de un profundo rastrillaje.<br \/>\nComo en las anteriores concentraciones, las pr\u00e1cticas estar\u00e1n conducidas por el Director T\u00e9cnico Diego Lifschitz y los asistentes t\u00e9cnicos Pablo Romero y Esteban De La Fuente. Marcelo Pross ser\u00e1 el Preparador F\u00edsico.<br \/>\nFuente: Prensa CABB<\/p>\n","protected":false},"excerpt":{"rendered":"<p>Hasta el 23 de octubre, la Preselecci\u00f3n Nacional U15 masculina tendr\u00e1 su quinta y \u00faltima concentraci\u00f3n previa al<\/p>\n","protected":false},"author":2,"featured_media":30,"comment_status":"open","ping_status":"open","sticky":false,"template":"","format":"standard","meta":{"footnotes":""},"categories":[1],"tags":[],"class_list":["post-29","post","type-post","status-publish","format-standard","has-post-thumbnail","hentry","category-sin-categoria"],"_links":{"self":[{"href":"http:\/\/zonade3.com.ar\/blog\/wp-json\/wp\/v2\/posts\/29","targetHints":{"allow":["GET"]}}],"collection":[{"href":"http:\/\/zonade3.com.ar\/blog\/wp-json\/wp\/v2\/posts"}],"about":[{"href":"http:\/\/zonade3.com.ar\/blog\/wp-json\/wp\/v2\/types\/post"}],"author":[{"embeddable":true,"href":"http:\/\/zonade3.com.ar\/blog\/wp-json\/wp\/v2\/users\/2"}],"replies":[{"embeddable":true,"href":"http:\/\/zonade3.com.ar\/blog\/wp-json\/wp\/v2\/comments?post=29"}],"version-history":[{"count":3,"href":"http:\/\/zonade3.com.ar\/blog\/wp-json\/wp\/v2\/posts\/29\/revisions"}],"predecessor-version":[{"id":60,"href":"http:\/\/zonade3.com.ar\/blog\/wp-json\/wp\/v2\/posts\/29\/revisions\/60"}],"wp:featuredmedia":[{"embeddable":true,"href":"http:\/\/zonade3.com.ar\/blog\/wp-json\/wp\/v2\/media\/30"}],"wp:attachment":[{"href":"http:\/\/zonade3.com.ar\/blog\/wp-json\/wp\/v2\/media?parent=29"}],"wp:term":[{"taxonomy":"category","embeddable":true,"href":"http:\/\/zonade3.com.ar\/blog\/wp-json\/wp\/v2\/categories?post=29"},{"taxonomy":"post_tag","embeddable":true,"href":"http:\/\/zonade3.com.ar\/blog\/wp-json\/wp\/v2\/tags?post=29"}],"curies":[{"name":"wp","href":"https:\/\/api.w.org\/{rel}","templated":true}]}}