{"id":361,"date":"2016-11-18T04:49:23","date_gmt":"2016-11-18T04:49:23","guid":{"rendered":"http:\/\/zonade3.com.ar.ar\/blog\/?p=361"},"modified":"2016-11-18T04:50:19","modified_gmt":"2016-11-18T04:50:19","slug":"liga-provincial-en-el-juego-inaugural-santa-paula-vencio-ajustadamente-a-racing","status":"publish","type":"post","link":"http:\/\/zonade3.com.ar\/blog\/liga-provincial-en-el-juego-inaugural-santa-paula-vencio-ajustadamente-a-racing\/","title":{"rendered":"Liga Provincial: en el juego inaugural, Santa Paula venci\u00f3 ajustadamente a Racing"},"content":{"rendered":"<p>Santa Paula de G\u00e1lvez gan\u00f3 el partido inaugural de la Copa Santa Fe de B\u00e1squet 2016\/2017. No le fue sencillo ante Racing de San Crist\u00f3bal (foto) y termin\u00f3 ganando 82 a 77 con parciales muy ajustados.<br \/>\nAgust\u00edn Chiana fue el goleador de Santa Paula con 26 m\u00e1s 15 puntos de Pablo P\u00e9rez. En la visita marcaron el 50% de los puntos Rene Vicens con 25 y Sebasti\u00e1n Abba con 30, quien fue el goleador del juego. Dirigieron Leandro Lezcano, Silvio Guzman y Fabi\u00e1n Catala.<a href=\"http:\/\/zonade3.com.ar.ar\/blog\/wp-content\/uploads\/2016\/11\/inaugural.png\"><img loading=\"lazy\" decoding=\"async\" class=\"size-medium wp-image-364 alignright\" src=\"http:\/\/zonade3.com.ar.ar\/blog\/wp-content\/uploads\/2016\/11\/inaugural-300x157.png\" alt=\"inaugural\" width=\"300\" height=\"157\" \/><\/a><br \/>\nLos parciales fueron: 28-25, 20-21, 15-16 y 19-15.<br \/>\nEl encuentro marc\u00f3 el inicio del Campeonato que continuar\u00e1 con la totalidad de la fecha este viernes 18 de noviembre.<br \/>\nPreviamente se realiz\u00f3 el acto apertura con autoridades de la Federaci\u00f3n Santafesina, del Gobierno de Santa Fe, del Municipio local y dirigentes de los clubes participantes.<br \/>\n<b>S\u00cdNTESIS<\/b><br \/>\n<strong>Santa Paula de G\u00e1lvez 82:<\/strong> Leandro Furlan 11,] Santiago Fedele 7, Pablo Perez 15, Emiliano Carpinetti 11, Leonardo Vottero 2, Agustin Chiana 26, Tomas Vottero 5, Francisco Stettler 5. DT: Francisco Blanc.<br \/>\n<strong>Racing de San Crist\u00f3bal 77:<\/strong> Nicol\u00e1s Herrera 2, Mariano Ballarini 3, Ariel P\u00e9rez 2, David Ferreyra 13, Sebasti\u00e1n Abba 30, Octavo Lagger 2 y Ren\u00e9 Vicens 25. DT: Dario Racca.<br \/>\nFuente\/Fotos: El Alargue<\/p>\n","protected":false},"excerpt":{"rendered":"<p>Santa Paula de G\u00e1lvez gan\u00f3 el partido inaugural de la Copa Santa Fe de B\u00e1squet 2016\/2017. No le<\/p>\n","protected":false},"author":2,"featured_media":363,"comment_status":"open","ping_status":"open","sticky":false,"template":"","format":"standard","meta":{"footnotes":""},"categories":[1],"tags":[],"class_list":["post-361","post","type-post","status-publish","format-standard","has-post-thumbnail","hentry","category-sin-categoria"],"_links":{"self":[{"href":"http:\/\/zonade3.com.ar\/blog\/wp-json\/wp\/v2\/posts\/361","targetHints":{"allow":["GET"]}}],"collection":[{"href":"http:\/\/zonade3.com.ar\/blog\/wp-json\/wp\/v2\/posts"}],"about":[{"href":"http:\/\/zonade3.com.ar\/blog\/wp-json\/wp\/v2\/types\/post"}],"author":[{"embeddable":true,"href":"http:\/\/zonade3.com.ar\/blog\/wp-json\/wp\/v2\/users\/2"}],"replies":[{"embeddable":true,"href":"http:\/\/zonade3.com.ar\/blog\/wp-json\/wp\/v2\/comments?post=361"}],"version-history":[{"count":2,"href":"http:\/\/zonade3.com.ar\/blog\/wp-json\/wp\/v2\/posts\/361\/revisions"}],"predecessor-version":[{"id":366,"href":"http:\/\/zonade3.com.ar\/blog\/wp-json\/wp\/v2\/posts\/361\/revisions\/366"}],"wp:featuredmedia":[{"embeddable":true,"href":"http:\/\/zonade3.com.ar\/blog\/wp-json\/wp\/v2\/media\/363"}],"wp:attachment":[{"href":"http:\/\/zonade3.com.ar\/blog\/wp-json\/wp\/v2\/media?parent=361"}],"wp:term":[{"taxonomy":"category","embeddable":true,"href":"http:\/\/zonade3.com.ar\/blog\/wp-json\/wp\/v2\/categories?post=361"},{"taxonomy":"post_tag","embeddable":true,"href":"http:\/\/zonade3.com.ar\/blog\/wp-json\/wp\/v2\/tags?post=361"}],"curies":[{"name":"wp","href":"https:\/\/api.w.org\/{rel}","templated":true}]}}