{"id":4230,"date":"2018-04-30T03:44:25","date_gmt":"2018-04-30T03:44:25","guid":{"rendered":"http:\/\/zonade3.com.ar.ar\/blog\/?p=4230"},"modified":"2018-04-30T03:44:25","modified_gmt":"2018-04-30T03:44:25","slug":"torneo-federal-central-gano-y-sigue-avanzando","status":"publish","type":"post","link":"http:\/\/zonade3.com.ar\/blog\/torneo-federal-central-gano-y-sigue-avanzando\/","title":{"rendered":"Torneo Federal: Central gan\u00f3 y sigue avanzando"},"content":{"rendered":"<p>El \u00abaurinegro\u00bb derrot\u00f3 en el quinto y decisivo juego a San Mart\u00edn 91-67. De esta manera, los dirigidos por Lancellotti se metieron en Cuartos de Final de la Conferencia Norte y deber\u00e1n enfrentar a Atl\u00e9tico Saladas en la pr\u00f3xima fase.<br \/>\nUn Estadio \u00abRa\u00fal Braica\u00bb colmado vio un desarrollo electrizante y digno de una contienda definitoria.<br \/>\nCentral lo gan\u00f3 de principio a final, con los altibajos naturales de un partido lleno de tensi\u00f3n.<br \/>\nLogr\u00f3 sacar una diferencia casi decisiva en el tercer segmento y ampliada definitivamente en el \u00faltimo, pero hasta ese pasaje, nadie supon\u00eda la distancia que mostr\u00f3 el score en el cierre.<br \/>\nPorque el bravo elenco de Curuz\u00fa Cuati\u00e1 le gener\u00f3 problemas y le puso obst\u00e1culos permanentemente desde su s\u00f3lida defensa.<br \/>\nEl \u00abaurinegro\u00bb jug\u00f3 al ritmo de la gente, tal vez muy ansioso, para este tipo de circunstancias.<br \/>\nSin embargo se sostuvo siempre arriba en los n\u00fameros y cuando logr\u00f3 serenarse, comenz\u00f3 a resolverlo definitivamente.<br \/>\nCentral gan\u00f3 y sigue avanzando en el Torneo Federal.<br \/>\n<strong>S\u00edntesis<\/strong><br \/>\nCENTRAL 91 (3) &#8211; SAN MART\u00cdN (CC) 67 (2)<br \/>\nEstadio \u00abRa\u00fal Braica\u00bb<br \/>\nCENTRAL: Vittar (13); Gonz\u00e1lez (11); Liz\u00e1rraga (25); Ben\u00edtez (8); Mart\u00ednez (19); Salicr\u00fa (8); Buticci (6); Quintana (1); Fito; Sol\u00eds; Kulinsky; Marchiaro. DT: Enrique Lancellotti.<br \/>\nSAN MARTIN (CC): Insaurralde (6); Fernando Peruchena (12); Dami\u00e1n Peruchena (6); G\u00f3mez Brocal (12); Olivetti (10); Zandomeni (8); Acosta (5); S\u00e1nchez (8); Primo; Riquelme. DT; Jorge Balbis.<br \/>\n\u00c1rbitros: Pietrom\u00f3naco-Brise\u00f1o (Asociaciones La Plata-Tucum\u00e1n)<br \/>\nFuente: Adri\u00e1n Tavella<\/p>\n","protected":false},"excerpt":{"rendered":"<p>El \u00abaurinegro\u00bb derrot\u00f3 en el quinto y decisivo juego a San Mart\u00edn 91-67. De esta manera, los dirigidos<\/p>\n","protected":false},"author":2,"featured_media":3660,"comment_status":"open","ping_status":"open","sticky":false,"template":"","format":"standard","meta":{"footnotes":""},"categories":[1],"tags":[],"class_list":["post-4230","post","type-post","status-publish","format-standard","has-post-thumbnail","hentry","category-sin-categoria"],"_links":{"self":[{"href":"http:\/\/zonade3.com.ar\/blog\/wp-json\/wp\/v2\/posts\/4230","targetHints":{"allow":["GET"]}}],"collection":[{"href":"http:\/\/zonade3.com.ar\/blog\/wp-json\/wp\/v2\/posts"}],"about":[{"href":"http:\/\/zonade3.com.ar\/blog\/wp-json\/wp\/v2\/types\/post"}],"author":[{"embeddable":true,"href":"http:\/\/zonade3.com.ar\/blog\/wp-json\/wp\/v2\/users\/2"}],"replies":[{"embeddable":true,"href":"http:\/\/zonade3.com.ar\/blog\/wp-json\/wp\/v2\/comments?post=4230"}],"version-history":[{"count":1,"href":"http:\/\/zonade3.com.ar\/blog\/wp-json\/wp\/v2\/posts\/4230\/revisions"}],"predecessor-version":[{"id":4231,"href":"http:\/\/zonade3.com.ar\/blog\/wp-json\/wp\/v2\/posts\/4230\/revisions\/4231"}],"wp:featuredmedia":[{"embeddable":true,"href":"http:\/\/zonade3.com.ar\/blog\/wp-json\/wp\/v2\/media\/3660"}],"wp:attachment":[{"href":"http:\/\/zonade3.com.ar\/blog\/wp-json\/wp\/v2\/media?parent=4230"}],"wp:term":[{"taxonomy":"category","embeddable":true,"href":"http:\/\/zonade3.com.ar\/blog\/wp-json\/wp\/v2\/categories?post=4230"},{"taxonomy":"post_tag","embeddable":true,"href":"http:\/\/zonade3.com.ar\/blog\/wp-json\/wp\/v2\/tags?post=4230"}],"curies":[{"name":"wp","href":"https:\/\/api.w.org\/{rel}","templated":true}]}}