{"id":4286,"date":"2018-05-12T03:13:41","date_gmt":"2018-05-12T03:13:41","guid":{"rendered":"http:\/\/zonade3.com.ar.ar\/blog\/?p=4286"},"modified":"2018-05-12T11:23:29","modified_gmt":"2018-05-12T11:23:29","slug":"interasociativo-la-grilla-de-partidos-de-una-nueva-fecha","status":"publish","type":"post","link":"http:\/\/zonade3.com.ar\/blog\/interasociativo-la-grilla-de-partidos-de-una-nueva-fecha\/","title":{"rendered":"Interasociativo: con dos partidos arranc\u00f3 la 8va."},"content":{"rendered":"<p>Este viernes comenz\u00f3 con dos partidos la 8va. fecha del certamen Interasociativo de Primera Divisi\u00f3n. La grilla de partidos:<br \/>\n<strong>Viernes 11\/05\/2018<br \/>\n<\/strong>Almafuerte (Las Varillas) <strong>74 \u2013 63<\/strong> Club El Ceibo (San Fco.)<br \/>\n9 de Julio de Morteros<strong> 93 &#8211; 85<\/strong> Centro Social de Brinkmann<br \/>\n<strong>Sabado 12\/05\/2018<\/strong><br \/>\nCLUB \u00abEL TALA\u00bb Vs. SOC. SPORTIVA DEVOTO U-19 y U-15 A partir de 15:00 Hs 8va.. Fecha<br \/>\n<strong>Domingo 13\/05\/2018<\/strong><br \/>\nCLUB ALMAFUERTE LAS VARILLAS Vs.\u00bbEL CEIBO\u00bb U-15 y U-19 A partir de 16:00 Hs 8va.. Fecha<br \/>\n<strong>Lunes 14\/05\/2018<\/strong><br \/>\nPORTE\u00d1A ASOC. Vs. CLUB DEP. Y CULTURAL ARROYITO U-15 y U-19 A partir de 20:00 Hs 8va.. Fecha<br \/>\n<strong>Martes 15\/05\/2018<\/strong><br \/>\nCLUB \u00abEL TALA\u00bb Vs. SOC. SPORTIVA DEVOTO U-17 y 1ra. Divisi\u00f3n 20:00 Hs. &#8211; 22:00 Hs. 8va.. Fecha<br \/>\n<strong>Miercoles 16\/05\/2018<\/strong><br \/>\nCLUB DEP. Y CULTURAL ARROYITO Vs. CLUB \u00abEL TALA\u00bb U-15 y U-19 A partir de 20:00 Hs 7ma. Fecha<br \/>\n<strong>Jueves 17\/05\/2018<\/strong><br \/>\nSAN ISIDRO Vs. NUEVE DE JULIO O. DE FREYRE U-15 y U-19 A partir de 20:00 Hs 8va.. Fecha<br \/>\nSAN JORGE Vs. TIRO FED. Y DEP. MORTEROS U-15 y U-19 A partir de 20:00 Hs 8va.. Fecha<br \/>\nPORTE\u00d1A ASOC. Vs. CULTURAL ARROYITO U-17 y 1ra. Divisi\u00f3n 20:00 Hs. &#8211; 22:00 Hs. 8va.. Fecha<br \/>\n<strong>Miercoles 23\/05\/2018<\/strong><br \/>\nSAN JORGE Vs. TIRO FED. Y DEP. MORTEROS U-17 y 1ra. Divisi\u00f3n 20:00 Hs. &#8211; 22:00 Hs. 8va.. Fecha<br \/>\n<strong>Todav\u00eda no tiene d\u00eda y horario San Isidro \u2013 Nueve de Freyre.<br \/>\nPosiciones:<\/strong> Centro 13, Nueve, 9 de Freyre 12, Porte\u00f1a Asoc. y Tiro Federal y El Ceibo 11; San Jorge, Devoto; Tala y San Isidro y Almafuerte 9 y Cultural de Arroyito 6.<\/p>\n","protected":false},"excerpt":{"rendered":"<p>Este viernes comenz\u00f3 con dos partidos la 8va. fecha del certamen Interasociativo de Primera Divisi\u00f3n. La grilla de<\/p>\n","protected":false},"author":2,"featured_media":4091,"comment_status":"open","ping_status":"open","sticky":false,"template":"","format":"standard","meta":{"footnotes":""},"categories":[1],"tags":[],"class_list":["post-4286","post","type-post","status-publish","format-standard","has-post-thumbnail","hentry","category-sin-categoria"],"_links":{"self":[{"href":"http:\/\/zonade3.com.ar\/blog\/wp-json\/wp\/v2\/posts\/4286","targetHints":{"allow":["GET"]}}],"collection":[{"href":"http:\/\/zonade3.com.ar\/blog\/wp-json\/wp\/v2\/posts"}],"about":[{"href":"http:\/\/zonade3.com.ar\/blog\/wp-json\/wp\/v2\/types\/post"}],"author":[{"embeddable":true,"href":"http:\/\/zonade3.com.ar\/blog\/wp-json\/wp\/v2\/users\/2"}],"replies":[{"embeddable":true,"href":"http:\/\/zonade3.com.ar\/blog\/wp-json\/wp\/v2\/comments?post=4286"}],"version-history":[{"count":3,"href":"http:\/\/zonade3.com.ar\/blog\/wp-json\/wp\/v2\/posts\/4286\/revisions"}],"predecessor-version":[{"id":4302,"href":"http:\/\/zonade3.com.ar\/blog\/wp-json\/wp\/v2\/posts\/4286\/revisions\/4302"}],"wp:featuredmedia":[{"embeddable":true,"href":"http:\/\/zonade3.com.ar\/blog\/wp-json\/wp\/v2\/media\/4091"}],"wp:attachment":[{"href":"http:\/\/zonade3.com.ar\/blog\/wp-json\/wp\/v2\/media?parent=4286"}],"wp:term":[{"taxonomy":"category","embeddable":true,"href":"http:\/\/zonade3.com.ar\/blog\/wp-json\/wp\/v2\/categories?post=4286"},{"taxonomy":"post_tag","embeddable":true,"href":"http:\/\/zonade3.com.ar\/blog\/wp-json\/wp\/v2\/tags?post=4286"}],"curies":[{"name":"wp","href":"https:\/\/api.w.org\/{rel}","templated":true}]}}