{"id":429,"date":"2016-11-23T04:30:09","date_gmt":"2016-11-23T04:30:09","guid":{"rendered":"http:\/\/zonade3.com.ar.ar\/blog\/?p=429"},"modified":"2016-11-23T04:30:09","modified_gmt":"2016-11-23T04:30:09","slug":"luis-martina-retornara-a-tiro-federal","status":"publish","type":"post","link":"http:\/\/zonade3.com.ar\/blog\/luis-martina-retornara-a-tiro-federal\/","title":{"rendered":"Luis Martina retornar\u00e1 a Tiro Federal"},"content":{"rendered":"<p>Luis Martina ser\u00e1 nuevamente jugador de Tiro Federal y Deportivo Morteros con vistas a la competencia asociativa del a\u00f1o pr\u00f3ximo.<br \/>\nLuego de su paso por 9 de Julio de Morteros, el guerrero de mil batallas cambia una vez de vereda para iniciar as\u00ed su tercer proceso en la entidad del Norte de la ciudad de Morteros.<br \/>\nLa idea del grupo de trabajo dirigencial que lleva adelante la competencia local es establecer un armado s\u00f3lido del equipo de Primera como referente de todo lo dem\u00e1s, devolver a Tiro a los puestos de vanguardia local y solidificar la generaci\u00f3n de nuevos valores de la instituci\u00f3n.<br \/>\nSi bien tuvo otras ofertas, por una cuesti\u00f3n personal era necesario para \u00e9l seguir viviendo en Morteros, de all\u00ed que rechaz\u00f3 algunos ofrecimientos y decidi\u00f3 defender nuevamente la camiseta de Tiro Federal en donde pas\u00f3 momentos inolvidables, no solo a nivel regional si no tambi\u00e9n a nivel provincial.<br \/>\nEn tanto, Agust\u00edn Busso, luego de terminada su experiencia en Perfora, retornar\u00e1 a la entidad morterense ya teniendo un contacto previo con la dirigencia del \u00abblanco\u00bb.<\/p>\n","protected":false},"excerpt":{"rendered":"<p>Luis Martina ser\u00e1 nuevamente jugador de Tiro Federal y Deportivo Morteros con vistas a la competencia asociativa del<\/p>\n","protected":false},"author":2,"featured_media":432,"comment_status":"open","ping_status":"open","sticky":false,"template":"","format":"standard","meta":{"footnotes":""},"categories":[1],"tags":[],"class_list":["post-429","post","type-post","status-publish","format-standard","has-post-thumbnail","hentry","category-sin-categoria"],"_links":{"self":[{"href":"http:\/\/zonade3.com.ar\/blog\/wp-json\/wp\/v2\/posts\/429","targetHints":{"allow":["GET"]}}],"collection":[{"href":"http:\/\/zonade3.com.ar\/blog\/wp-json\/wp\/v2\/posts"}],"about":[{"href":"http:\/\/zonade3.com.ar\/blog\/wp-json\/wp\/v2\/types\/post"}],"author":[{"embeddable":true,"href":"http:\/\/zonade3.com.ar\/blog\/wp-json\/wp\/v2\/users\/2"}],"replies":[{"embeddable":true,"href":"http:\/\/zonade3.com.ar\/blog\/wp-json\/wp\/v2\/comments?post=429"}],"version-history":[{"count":1,"href":"http:\/\/zonade3.com.ar\/blog\/wp-json\/wp\/v2\/posts\/429\/revisions"}],"predecessor-version":[{"id":433,"href":"http:\/\/zonade3.com.ar\/blog\/wp-json\/wp\/v2\/posts\/429\/revisions\/433"}],"wp:featuredmedia":[{"embeddable":true,"href":"http:\/\/zonade3.com.ar\/blog\/wp-json\/wp\/v2\/media\/432"}],"wp:attachment":[{"href":"http:\/\/zonade3.com.ar\/blog\/wp-json\/wp\/v2\/media?parent=429"}],"wp:term":[{"taxonomy":"category","embeddable":true,"href":"http:\/\/zonade3.com.ar\/blog\/wp-json\/wp\/v2\/categories?post=429"},{"taxonomy":"post_tag","embeddable":true,"href":"http:\/\/zonade3.com.ar\/blog\/wp-json\/wp\/v2\/tags?post=429"}],"curies":[{"name":"wp","href":"https:\/\/api.w.org\/{rel}","templated":true}]}}