{"id":4306,"date":"2018-05-12T13:16:47","date_gmt":"2018-05-12T13:16:47","guid":{"rendered":"http:\/\/zonade3.com.ar.ar\/blog\/?p=4306"},"modified":"2018-05-12T13:16:47","modified_gmt":"2018-05-12T13:16:47","slug":"noroeste-reunion-con-definiciones","status":"publish","type":"post","link":"http:\/\/zonade3.com.ar\/blog\/noroeste-reunion-con-definiciones\/","title":{"rendered":"Noroeste: reuni\u00f3n con definiciones"},"content":{"rendered":"<p>Se realiz\u00f3 en la sede de la ANSB la reuni\u00f3n con los delegados del masculino y femenino; la misma fue presidida por el titular de la misma Mario Lopez a quien acompa\u00f1aban los dem\u00e1s integrantes del Consejo Directivo y tambi\u00e9n los nuevos miembros que fueron elegidos en la Asamblea Ordinaria del mes pasado.<br \/>\nEsta reuni\u00f3n sirvi\u00f3 para tratar la marcha institucional de la entidad que rige los destinos del basquet regional y tambi\u00e9n para ir poniendo fechas a los partidos que aun restan jugarse tanto en inferiores masculino como en primera.<br \/>\nSe inform\u00f3 a los clubes, que el Seleccionado de la Pcia. de Santa Fe que viajar\u00e1 a Salta a participar del Campeonato Argentino U15, tendr\u00e1 como lugar de alojamiento y practicas en Ceres, aloj\u00e1ndose los mismos en el albergue que posee la Asociaci\u00f3n y entrenar\u00e1 en ambos clubes ceresinos. Ser\u00e1 de esa manera el segundo seleccionado provincial que concentre a Ceres para luego participar de un Argentino.<br \/>\nSi bien todav\u00eda no se sabe como estar\u00e1 integrado del cuerpo t\u00e9cnico, como as\u00ed tambi\u00e9n quienes ser\u00e1n los 12 jugadores que viajaran a Salta, la informaci\u00f3n en d\u00edas mas dar\u00e1 a conocer la Federaci\u00f3n Santafesina.<br \/>\nContinuando con la reuni\u00f3n, se fueron fijando los d\u00edas de disputa de partidos pendientes en divisiones menores y tambi\u00e9n quedaron algunos partidos ya programados en el torneo de primera divisi\u00f3n, que se aclarar\u00e1 el panorama la semana que viene luego de conocerse si Central Arg. Ol\u00edmpico continua o no en el Torneo Federal.<br \/>\nLos partidos que ya tienen fecha, son los siguientes:<br \/>\n15\/05 &#8211; Atl\u00e9tico Tostado Vs.- Racing LTC<br \/>\n15\/05 San Lorenzo Vs. Uni\u00f3n San Guillermo<br \/>\n18\/05 &#8211; Racing LTC Vs.- Atl\u00e9tico Tostado<br \/>\n20\/05 &#8211; Uni\u00f3n San Guillermo Vs.- Sportivo Suardi<br \/>\n22\/05 &#8211; San Lorenzo Vs.- Atl\u00e9tico Tostado<br \/>\n24\/05 &#8211; Atl\u00e9tico Tostado Vs.- Sportivo Suardi<br \/>\nEl resto que faltan confirmar dia, se ir\u00e1n confirmando la semana que viene.<br \/>\nParticiparon todos los clubes a excepcion de San Lorenzo de Tostado y Libertad de Villa Trinidad.<br \/>\nSe felicit\u00f3 a los clubes Sportivo Suardi y Uni\u00f3n por la organizaci\u00f3n del Campeonato Provincial U15 hace unos dias atr\u00e1s donde nuestro Seleccionado consiguiera el Tri Campeonato.<br \/>\nFuente: Prensa Noroeste<\/p>\n","protected":false},"excerpt":{"rendered":"<p>Se realiz\u00f3 en la sede de la ANSB la reuni\u00f3n con los delegados del masculino y femenino; la<\/p>\n","protected":false},"author":2,"featured_media":4307,"comment_status":"open","ping_status":"open","sticky":false,"template":"","format":"standard","meta":{"footnotes":""},"categories":[1],"tags":[],"class_list":["post-4306","post","type-post","status-publish","format-standard","has-post-thumbnail","hentry","category-sin-categoria"],"_links":{"self":[{"href":"http:\/\/zonade3.com.ar\/blog\/wp-json\/wp\/v2\/posts\/4306","targetHints":{"allow":["GET"]}}],"collection":[{"href":"http:\/\/zonade3.com.ar\/blog\/wp-json\/wp\/v2\/posts"}],"about":[{"href":"http:\/\/zonade3.com.ar\/blog\/wp-json\/wp\/v2\/types\/post"}],"author":[{"embeddable":true,"href":"http:\/\/zonade3.com.ar\/blog\/wp-json\/wp\/v2\/users\/2"}],"replies":[{"embeddable":true,"href":"http:\/\/zonade3.com.ar\/blog\/wp-json\/wp\/v2\/comments?post=4306"}],"version-history":[{"count":1,"href":"http:\/\/zonade3.com.ar\/blog\/wp-json\/wp\/v2\/posts\/4306\/revisions"}],"predecessor-version":[{"id":4308,"href":"http:\/\/zonade3.com.ar\/blog\/wp-json\/wp\/v2\/posts\/4306\/revisions\/4308"}],"wp:featuredmedia":[{"embeddable":true,"href":"http:\/\/zonade3.com.ar\/blog\/wp-json\/wp\/v2\/media\/4307"}],"wp:attachment":[{"href":"http:\/\/zonade3.com.ar\/blog\/wp-json\/wp\/v2\/media?parent=4306"}],"wp:term":[{"taxonomy":"category","embeddable":true,"href":"http:\/\/zonade3.com.ar\/blog\/wp-json\/wp\/v2\/categories?post=4306"},{"taxonomy":"post_tag","embeddable":true,"href":"http:\/\/zonade3.com.ar\/blog\/wp-json\/wp\/v2\/tags?post=4306"}],"curies":[{"name":"wp","href":"https:\/\/api.w.org\/{rel}","templated":true}]}}