{"id":4338,"date":"2018-05-16T03:45:50","date_gmt":"2018-05-16T03:45:50","guid":{"rendered":"http:\/\/zonade3.com.ar.ar\/blog\/?p=4338"},"modified":"2018-05-16T03:45:50","modified_gmt":"2018-05-16T03:45:50","slug":"interasociativo-la-noche-del-martes-registro-la-victoria-de-devoto","status":"publish","type":"post","link":"http:\/\/zonade3.com.ar\/blog\/interasociativo-la-noche-del-martes-registro-la-victoria-de-devoto\/","title":{"rendered":"Interasociativo: la noche del martes registr\u00f3 la victoria de Devoto"},"content":{"rendered":"<p>Importante victoria de visita consigui\u00f3 el conjunto de Sociedad Sportiva Devoto venciendo a El Tala de San Francisco por 56 a 47.<br \/>\nCerrando la 8\u00ba Fecha del Torneo Interasociativo, el Verde y Blanco visit\u00f3 este martes a El Tala de San Francisco. En Categor\u00eda U17 gan\u00f3 El Tala, 111 a 21, mientras que en Primera Divisi\u00f3n el ganador fue el representativo visitante.<br \/>\nC\u00f3mo sigue la fecha:<br \/>\n<strong>Mi\u00e9rcoles 16\/05\/2018<\/strong><br \/>\nCLUB DEP. Y CULTURAL ARROYITO Vs. CLUB \u201cEL TALA\u201d U-15 y U-19 A partir de 20:00 Hs 7ma. Fecha<br \/>\n<strong>Jueves 17\/05\/2018<\/strong><br \/>\nSAN ISIDRO Vs. NUEVE DE JULIO O. DE FREYRE U-15 y U-19 A partir de 20:00 Hs 8va.. Fecha<br \/>\nSAN JORGE Vs. TIRO FED. Y DEP. MORTEROS U-15 y U-19 A partir de 20:00 Hs 8va.. Fecha<br \/>\nPORTE\u00d1A ASOC. Vs. CULTURAL ARROYITO U-17 y 1ra. Divisi\u00f3n 20:00 Hs. \u2013 22:00 Hs. 8va.. Fecha<br \/>\n<strong>Miercoles 23\/05\/2018<\/strong><br \/>\nSAN JORGE Vs. TIRO FED. Y DEP. MORTEROS U-17 y 1ra. Divisi\u00f3n 20:00 Hs. \u2013 22:00 Hs. 8va.. Fecha<\/p>\n<p><strong>POSICIONES:<\/strong> 9 de Freyre 14, Centro 13, 9 de Morteros y Devoto 12, Porte\u00f1a, Tiro, El Tala y El Ceibo 11, San Jorge, El Tala y San Isidro 10, Almafuerte 9, Cultural Arroyito 6<br \/>\nFoto: Prensa Devoto<\/p>\n","protected":false},"excerpt":{"rendered":"<p>Importante victoria de visita consigui\u00f3 el conjunto de Sociedad Sportiva Devoto venciendo a El Tala de San Francisco<\/p>\n","protected":false},"author":2,"featured_media":4339,"comment_status":"open","ping_status":"open","sticky":false,"template":"","format":"standard","meta":{"footnotes":""},"categories":[1],"tags":[],"class_list":["post-4338","post","type-post","status-publish","format-standard","has-post-thumbnail","hentry","category-sin-categoria"],"_links":{"self":[{"href":"http:\/\/zonade3.com.ar\/blog\/wp-json\/wp\/v2\/posts\/4338","targetHints":{"allow":["GET"]}}],"collection":[{"href":"http:\/\/zonade3.com.ar\/blog\/wp-json\/wp\/v2\/posts"}],"about":[{"href":"http:\/\/zonade3.com.ar\/blog\/wp-json\/wp\/v2\/types\/post"}],"author":[{"embeddable":true,"href":"http:\/\/zonade3.com.ar\/blog\/wp-json\/wp\/v2\/users\/2"}],"replies":[{"embeddable":true,"href":"http:\/\/zonade3.com.ar\/blog\/wp-json\/wp\/v2\/comments?post=4338"}],"version-history":[{"count":1,"href":"http:\/\/zonade3.com.ar\/blog\/wp-json\/wp\/v2\/posts\/4338\/revisions"}],"predecessor-version":[{"id":4340,"href":"http:\/\/zonade3.com.ar\/blog\/wp-json\/wp\/v2\/posts\/4338\/revisions\/4340"}],"wp:featuredmedia":[{"embeddable":true,"href":"http:\/\/zonade3.com.ar\/blog\/wp-json\/wp\/v2\/media\/4339"}],"wp:attachment":[{"href":"http:\/\/zonade3.com.ar\/blog\/wp-json\/wp\/v2\/media?parent=4338"}],"wp:term":[{"taxonomy":"category","embeddable":true,"href":"http:\/\/zonade3.com.ar\/blog\/wp-json\/wp\/v2\/categories?post=4338"},{"taxonomy":"post_tag","embeddable":true,"href":"http:\/\/zonade3.com.ar\/blog\/wp-json\/wp\/v2\/tags?post=4338"}],"curies":[{"name":"wp","href":"https:\/\/api.w.org\/{rel}","templated":true}]}}