{"id":4348,"date":"2018-05-16T17:40:40","date_gmt":"2018-05-16T17:40:40","guid":{"rendered":"http:\/\/zonade3.com.ar.ar\/blog\/?p=4348"},"modified":"2018-05-16T17:40:40","modified_gmt":"2018-05-16T17:40:40","slug":"central-pidio-un-reordenamiento-del-calendario-por-su-participacion-en-el-tf","status":"publish","type":"post","link":"http:\/\/zonade3.com.ar\/blog\/central-pidio-un-reordenamiento-del-calendario-por-su-participacion-en-el-tf\/","title":{"rendered":"Central pidi\u00f3 un reordenamiento del calendario por su participaci\u00f3n en el TF"},"content":{"rendered":"<p>En las ultimas horas lleg\u00f3 un pedido de Central de Ceres a la Asoc. Noroeste para reorganizar el cronograma de la competencia debido a los partidos pendientes que tiene el ceresino por estar disputando el Torneo Federal en instancias decisivas.<br \/>\nLa petici\u00f3n tiene un contenido particular que incluye la no participaci\u00f3n de Central en el Top 4 para generar un posterior reordenamiento de los partidos por jugar.<br \/>\nA continuaci\u00f3n, el texto:<br \/>\n<a href=\"http:\/\/zonade3.com.ar.ar\/blog\/wp-content\/uploads\/2018\/05\/nota-central.jpeg\"><img loading=\"lazy\" decoding=\"async\" class=\"alignnone size-medium wp-image-4349\" src=\"http:\/\/zonade3.com.ar.ar\/blog\/wp-content\/uploads\/2018\/05\/nota-central-300x124.jpeg\" alt=\"\" width=\"300\" height=\"124\" srcset=\"http:\/\/zonade3.com.ar\/blog\/wp-content\/uploads\/2018\/05\/nota-central-300x124.jpeg 300w, http:\/\/zonade3.com.ar\/blog\/wp-content\/uploads\/2018\/05\/nota-central.jpeg 581w\" sizes=\"auto, (max-width: 300px) 100vw, 300px\" \/><\/a><br \/>\nAhora resta esperar la resoluci\u00f3n que tomar\u00e1 la dirigencia de la asociaci\u00f3n y los delegados.<\/p>\n","protected":false},"excerpt":{"rendered":"<p>En las ultimas horas lleg\u00f3 un pedido de Central de Ceres a la Asoc. Noroeste para reorganizar el<\/p>\n","protected":false},"author":2,"featured_media":1085,"comment_status":"open","ping_status":"open","sticky":false,"template":"","format":"standard","meta":{"footnotes":""},"categories":[1],"tags":[],"class_list":["post-4348","post","type-post","status-publish","format-standard","has-post-thumbnail","hentry","category-sin-categoria"],"_links":{"self":[{"href":"http:\/\/zonade3.com.ar\/blog\/wp-json\/wp\/v2\/posts\/4348","targetHints":{"allow":["GET"]}}],"collection":[{"href":"http:\/\/zonade3.com.ar\/blog\/wp-json\/wp\/v2\/posts"}],"about":[{"href":"http:\/\/zonade3.com.ar\/blog\/wp-json\/wp\/v2\/types\/post"}],"author":[{"embeddable":true,"href":"http:\/\/zonade3.com.ar\/blog\/wp-json\/wp\/v2\/users\/2"}],"replies":[{"embeddable":true,"href":"http:\/\/zonade3.com.ar\/blog\/wp-json\/wp\/v2\/comments?post=4348"}],"version-history":[{"count":1,"href":"http:\/\/zonade3.com.ar\/blog\/wp-json\/wp\/v2\/posts\/4348\/revisions"}],"predecessor-version":[{"id":4350,"href":"http:\/\/zonade3.com.ar\/blog\/wp-json\/wp\/v2\/posts\/4348\/revisions\/4350"}],"wp:featuredmedia":[{"embeddable":true,"href":"http:\/\/zonade3.com.ar\/blog\/wp-json\/wp\/v2\/media\/1085"}],"wp:attachment":[{"href":"http:\/\/zonade3.com.ar\/blog\/wp-json\/wp\/v2\/media?parent=4348"}],"wp:term":[{"taxonomy":"category","embeddable":true,"href":"http:\/\/zonade3.com.ar\/blog\/wp-json\/wp\/v2\/categories?post=4348"},{"taxonomy":"post_tag","embeddable":true,"href":"http:\/\/zonade3.com.ar\/blog\/wp-json\/wp\/v2\/tags?post=4348"}],"curies":[{"name":"wp","href":"https:\/\/api.w.org\/{rel}","templated":true}]}}