{"id":4351,"date":"2018-05-17T04:44:56","date_gmt":"2018-05-17T04:44:56","guid":{"rendered":"http:\/\/zonade3.com.ar.ar\/blog\/?p=4351"},"modified":"2018-05-17T04:44:56","modified_gmt":"2018-05-17T04:44:56","slug":"torneo-federal-central-de-ceres-arranco-ganando","status":"publish","type":"post","link":"http:\/\/zonade3.com.ar\/blog\/torneo-federal-central-de-ceres-arranco-ganando\/","title":{"rendered":"Torneo Federal: Central de Ceres arranc\u00f3 ganando"},"content":{"rendered":"<p>El \u00abaurinegro\u00bb derrot\u00f3 a Belgrano de San Nicol\u00e1s y se puso en ventaja en los Cuartos de Final Play Off Nacionales. Los dirigidos por Enrique Lancellotti ganaron 93-84 y lograron imponer condiciones desde el arranque mismo.<br \/>\nBen\u00edtez y Mart\u00ednez como v\u00edas de gol destacadas y una defensa s\u00f3lida, a partir de un compromiso colectivo para subrayar, fueron edificando otro gran objetivo.<br \/>\nCentral se fue al descanso con una diferencia de nueve puntos (49-40) y en el complemento, afirmado en el tercer segmento, alcanz\u00f3 una m\u00e1xima de dieciocho unidades.<br \/>\nLos bonarenses intentaron y evidenciaron una reacci\u00f3n, pero la distancia era demasiado larga.<br \/>\nLos ceresinos se fueron sintiendo cada vez m\u00e1s c\u00f3modos y comenzaron a manejar ese score favorable.<br \/>\nUna victoria que reafirma y alza a\u00fan m\u00e1s, este momento hist\u00f3rico del basquetbol de la instituci\u00f3n.<br \/>\nUn triunfo que le permite hacer la primera diferencia en la serie, la cual continuar\u00e1 el viernes y con el segundo juego en Ceres.<br \/>\n<strong>S\u00edntesis<\/strong><br \/>\nCENTRAL 93 (1) &#8211; BELGRANO (SN) 84 (0)<br \/>\nEstadio \u00abRa\u00fal Braica\u00bb<br \/>\nCENTRAL: Vittar (9); Gonz\u00e1lez (3); Liz\u00e1rraga (22), Ben\u00edtez (31); Mart\u00ednez (22); Salicr\u00fa (3); Quintana (3); Buticci; Sol\u00eds; Marchiaro; Fito; Gorosito. DT: Enrique Lancellotti.<br \/>\nBELGRANO (SN): Toranzo (6); Ignacio Fern\u00e1ndez (14); Lete (8); Fioretti (5); Dentis (15); Dose (8); Camino (13), V\u00edctor Fern\u00e1ndez (10); R\u00edos (5); Vega; Oviedo. DT: \u00c1ngel Cachari.<br \/>\n\u00c1rbitros: Gauna-Saravalli-Carrillo<br \/>\nFuente: Adrian Tavella<\/p>\n","protected":false},"excerpt":{"rendered":"<p>El \u00abaurinegro\u00bb derrot\u00f3 a Belgrano de San Nicol\u00e1s y se puso en ventaja en los Cuartos de Final<\/p>\n","protected":false},"author":2,"featured_media":3660,"comment_status":"open","ping_status":"open","sticky":false,"template":"","format":"standard","meta":{"footnotes":""},"categories":[1],"tags":[],"class_list":["post-4351","post","type-post","status-publish","format-standard","has-post-thumbnail","hentry","category-sin-categoria"],"_links":{"self":[{"href":"http:\/\/zonade3.com.ar\/blog\/wp-json\/wp\/v2\/posts\/4351","targetHints":{"allow":["GET"]}}],"collection":[{"href":"http:\/\/zonade3.com.ar\/blog\/wp-json\/wp\/v2\/posts"}],"about":[{"href":"http:\/\/zonade3.com.ar\/blog\/wp-json\/wp\/v2\/types\/post"}],"author":[{"embeddable":true,"href":"http:\/\/zonade3.com.ar\/blog\/wp-json\/wp\/v2\/users\/2"}],"replies":[{"embeddable":true,"href":"http:\/\/zonade3.com.ar\/blog\/wp-json\/wp\/v2\/comments?post=4351"}],"version-history":[{"count":1,"href":"http:\/\/zonade3.com.ar\/blog\/wp-json\/wp\/v2\/posts\/4351\/revisions"}],"predecessor-version":[{"id":4352,"href":"http:\/\/zonade3.com.ar\/blog\/wp-json\/wp\/v2\/posts\/4351\/revisions\/4352"}],"wp:featuredmedia":[{"embeddable":true,"href":"http:\/\/zonade3.com.ar\/blog\/wp-json\/wp\/v2\/media\/3660"}],"wp:attachment":[{"href":"http:\/\/zonade3.com.ar\/blog\/wp-json\/wp\/v2\/media?parent=4351"}],"wp:term":[{"taxonomy":"category","embeddable":true,"href":"http:\/\/zonade3.com.ar\/blog\/wp-json\/wp\/v2\/categories?post=4351"},{"taxonomy":"post_tag","embeddable":true,"href":"http:\/\/zonade3.com.ar\/blog\/wp-json\/wp\/v2\/tags?post=4351"}],"curies":[{"name":"wp","href":"https:\/\/api.w.org\/{rel}","templated":true}]}}