{"id":4376,"date":"2018-05-19T07:03:59","date_gmt":"2018-05-19T07:03:59","guid":{"rendered":"http:\/\/zonade3.com.ar.ar\/blog\/?p=4376"},"modified":"2018-05-19T12:19:18","modified_gmt":"2018-05-19T12:19:18","slug":"magnano-trabajar-con-jovenes-me-rejuvenece-y-mucho","status":"publish","type":"post","link":"http:\/\/zonade3.com.ar\/blog\/magnano-trabajar-con-jovenes-me-rejuvenece-y-mucho\/","title":{"rendered":"Magnano: \u00abTrabajar con j\u00f3venes me rejuvenece y mucho\u00bb"},"content":{"rendered":"<p>Rub\u00e9n Magnano lleg\u00f3 a la ciudad de Morteros para dictar su cl\u00ednica y posterior conferencia denominada: \u201cConducci\u00f3n de grupo y liderazgo en el Siglo XXI\u201d. El ex entrenador de la selecci\u00f3n Argentina dicta este fin de semana una cl\u00ednica en el club 9 de Julio de Morteros para categor\u00edas U15, U17 y U19.<br \/>\nEl viernes por la tarde \u2013noche brind\u00f3 una conferencia de prensa en donde dej\u00f3 interesantes conceptos, como siempre. En sus palabras hizo hincapi\u00e9 en la importancia de la educaci\u00f3n y la formadores \u201cporque la preparaci\u00f3n de los que est\u00e1n a cargo de gente joven es un elemento vital\u201d.<br \/>\nConsultado sobre la Generaci\u00f3n Dorada y el actual cambio generacional respondi\u00f3 que \u201clo interesante es donde llega o c\u00f3mo llegan estos muchachos a jugar a ese nivel. Nuestro b\u00e1squet siempre estuvo nutrido de muy buenos jugadores pero hay variables que le dieron a muchos de ellos la posibilidad de dar un salto de calidad y ponerlos en situaci\u00f3n, a nivel internacional, para poder disputar torneos de much\u00edsimo vuelo. El elemento clave es la competencia\u201d.<br \/>\nY ampli\u00f3 que \u201csalvo EEUU, cuya estructura de competencia est\u00e1 basada en la educaci\u00f3n y que deber\u00edamos copiar, nosotros tenemos esa c\u00e9lula tan valiosa (y vaya mis felicitaciones para todos) que es el Club, a los miles de <em>Lunas de Avellaneda<\/em> en todo el pa\u00eds que son ellos los que proporcionan las estructuras que nos dan la posibilidad de tener esperanzas para generar nuevas camadas que nos permitan estar a la altura de la competencia\u201d, sostuvo, al tiempo que vaticin\u00f3 que la Argentina seguir\u00e1 haciendo buenos papeles en competencias internacionales.<br \/>\nAdem\u00e1s puso en valor la notable capacidad de los jugadores y la preparaci\u00f3n de los entrenadores como as\u00ed tambi\u00e9n el coraje de los dirigentes \u201cque dan cr\u00e9dito para pensar que la Argentina va a ir por la buena senda\u201d.<br \/>\nEn otro orden de cosas, se mostr\u00f3 en desacuerdo con la liberaci\u00f3n de la presencia de extranjeros en la Liga Nacional porque \u201cpuedo llegar a entender que sea por una cuesti\u00f3n presupuestaria, pero por el hecho deportivo no estoy de acuerdo para nada\u201d. Tambi\u00e9n consider\u00f3 que la Liga de Desarrollo deber\u00eda tener otra denominaci\u00f3n porque poco se puede \u201cdesarrollar a un jugador si juega tres partidos por semana, con 30 minutos de participaci\u00f3n y sin controlar las cargas\u201d.<br \/>\nLo cierto es que para Magnano, seg\u00fan dijo, \u201cel mayor desaf\u00edo es transmitir todo lo que quiero y todo lo que puedo a los j\u00f3venes, no me siento<em> \u201carriba de la trayectoria\u201d<\/em> y esto es lo que me est\u00e1 permitiendo a esta altura de mi vida marchar para adelante, trabajar con estos j\u00f3venes me rejuvenece y mucho\u201d, reflexion\u00f3.<br \/>\nEn otras declaraciones se lo consult\u00f3 por el \u201cjugador ideal\u201d por lo que no dud\u00f3 en decir que \u201chablar de Ginobili es hablar del jugador ideal, no solamente lo que hace con la pelota en la mano si no por todo lo que crea, todo lo que transmite, es un alt\u00edsimo referente, es el ejemplo de deportista\u201d.<br \/>\nEste es el cronograma de actividades:<br \/>\nS\u00e1bado 19 de mayo de 2018<br \/>\n9 a 10.30 hs. Cl\u00ednica de B\u00e1squet en el Poli. Categor\u00eda U 15<br \/>\n10.45 a 12.15 hs. Cl\u00ednica de B\u00e1squet en el Poli. Categor\u00eda U17 \/ U19<br \/>\n18 hs. Conferencia de Rub\u00e9n Magnano \u201cConducci\u00f3n de grupo y liderazgo en el Siglo XXI\u201d en Sal\u00f3n Dorado.<br \/>\nSi quieren tomar im\u00e1genes durante las cl\u00ednicas de b\u00e1squet por la ma\u00f1ana, deber\u00e1n ser muy puntuales y retirarse del Poli una vez que \u00e9stas hayan terminado. (Ej. 9 a 10.30 hs.)<br \/>\nDomingo 20 de mayo de 2018<br \/>\n9.30 hs. 27\u00b0 Edici\u00f3n del Encuentro de Mini B\u00e1squet Carlos \u201cPalito\u201d Cerutti en el Poli.<br \/>\n13 hs. Acto y entrega de presentes a deportistas con la presencia de la familia Cerutti.<\/p>\n","protected":false},"excerpt":{"rendered":"<p>Rub\u00e9n Magnano lleg\u00f3 a la ciudad de Morteros para dictar su cl\u00ednica y posterior conferencia denominada: \u201cConducci\u00f3n de<\/p>\n","protected":false},"author":2,"featured_media":4377,"comment_status":"open","ping_status":"open","sticky":false,"template":"","format":"standard","meta":{"footnotes":""},"categories":[1],"tags":[],"class_list":["post-4376","post","type-post","status-publish","format-standard","has-post-thumbnail","hentry","category-sin-categoria"],"_links":{"self":[{"href":"http:\/\/zonade3.com.ar\/blog\/wp-json\/wp\/v2\/posts\/4376","targetHints":{"allow":["GET"]}}],"collection":[{"href":"http:\/\/zonade3.com.ar\/blog\/wp-json\/wp\/v2\/posts"}],"about":[{"href":"http:\/\/zonade3.com.ar\/blog\/wp-json\/wp\/v2\/types\/post"}],"author":[{"embeddable":true,"href":"http:\/\/zonade3.com.ar\/blog\/wp-json\/wp\/v2\/users\/2"}],"replies":[{"embeddable":true,"href":"http:\/\/zonade3.com.ar\/blog\/wp-json\/wp\/v2\/comments?post=4376"}],"version-history":[{"count":2,"href":"http:\/\/zonade3.com.ar\/blog\/wp-json\/wp\/v2\/posts\/4376\/revisions"}],"predecessor-version":[{"id":4381,"href":"http:\/\/zonade3.com.ar\/blog\/wp-json\/wp\/v2\/posts\/4376\/revisions\/4381"}],"wp:featuredmedia":[{"embeddable":true,"href":"http:\/\/zonade3.com.ar\/blog\/wp-json\/wp\/v2\/media\/4377"}],"wp:attachment":[{"href":"http:\/\/zonade3.com.ar\/blog\/wp-json\/wp\/v2\/media?parent=4376"}],"wp:term":[{"taxonomy":"category","embeddable":true,"href":"http:\/\/zonade3.com.ar\/blog\/wp-json\/wp\/v2\/categories?post=4376"},{"taxonomy":"post_tag","embeddable":true,"href":"http:\/\/zonade3.com.ar\/blog\/wp-json\/wp\/v2\/tags?post=4376"}],"curies":[{"name":"wp","href":"https:\/\/api.w.org\/{rel}","templated":true}]}}