{"id":4404,"date":"2018-05-23T04:23:14","date_gmt":"2018-05-23T04:23:14","guid":{"rendered":"http:\/\/zonade3.com.ar.ar\/blog\/?p=4404"},"modified":"2018-05-23T04:30:28","modified_gmt":"2018-05-23T04:30:28","slug":"interasociativa-9-de-julio-gano-con-amplitud-el-clasico-morterense","status":"publish","type":"post","link":"http:\/\/zonade3.com.ar\/blog\/interasociativa-9-de-julio-gano-con-amplitud-el-clasico-morterense\/","title":{"rendered":"Interasociativo: 9 de Julio gan\u00f3 con amplitud el cl\u00e1sico morterense"},"content":{"rendered":"<p>Con el cl\u00e1sico de Morteros se abri\u00f3 la novena fecha del b\u00e1squet Interasociativo de primera. 9 de Julio se impuso sobre Tiro Federal 90 por 69.<br \/>\nProgresi\u00f3n de los cuartos entre Tiro y Nueve: 16-22 \/ 30-49 \/ 51-69 \/ 69-90.<br \/>\nDe esta manera, el conjunto \u00abceleste\u00bb lleg\u00f3, junto al Nueve de Freyre, a la cima de la tabla de posiciones.<br \/>\n<strong>Este mi\u00e9rcoles:<\/strong><br \/>\n22 hs. San Jorge \u2013 Tiro Federal (8\u00b0 fecha)<br \/>\n22 hs. Cultural de Arroyito \u2013 El Tala (7\u00b0 fecha)<br \/>\n<strong>El jueves:<\/strong><br \/>\n22 hs. Nueve de Morteros \u2013 Almafuerte (3\u00b0 fecha)<br \/>\nPosiciones: Freyre y Nueve 14, Porte\u00f1a Asoc. y Centro Social 13, Devoto y Tiro 12, Ceibo 11; San Jorge, Tala y San Isidro 10; Almafuerte 9 y Arroyito 7.<\/p>\n","protected":false},"excerpt":{"rendered":"<p>Con el cl\u00e1sico de Morteros se abri\u00f3 la novena fecha del b\u00e1squet Interasociativo de primera. 9 de Julio<\/p>\n","protected":false},"author":2,"featured_media":4405,"comment_status":"open","ping_status":"open","sticky":false,"template":"","format":"standard","meta":{"footnotes":""},"categories":[1],"tags":[],"class_list":["post-4404","post","type-post","status-publish","format-standard","has-post-thumbnail","hentry","category-sin-categoria"],"_links":{"self":[{"href":"http:\/\/zonade3.com.ar\/blog\/wp-json\/wp\/v2\/posts\/4404","targetHints":{"allow":["GET"]}}],"collection":[{"href":"http:\/\/zonade3.com.ar\/blog\/wp-json\/wp\/v2\/posts"}],"about":[{"href":"http:\/\/zonade3.com.ar\/blog\/wp-json\/wp\/v2\/types\/post"}],"author":[{"embeddable":true,"href":"http:\/\/zonade3.com.ar\/blog\/wp-json\/wp\/v2\/users\/2"}],"replies":[{"embeddable":true,"href":"http:\/\/zonade3.com.ar\/blog\/wp-json\/wp\/v2\/comments?post=4404"}],"version-history":[{"count":2,"href":"http:\/\/zonade3.com.ar\/blog\/wp-json\/wp\/v2\/posts\/4404\/revisions"}],"predecessor-version":[{"id":4411,"href":"http:\/\/zonade3.com.ar\/blog\/wp-json\/wp\/v2\/posts\/4404\/revisions\/4411"}],"wp:featuredmedia":[{"embeddable":true,"href":"http:\/\/zonade3.com.ar\/blog\/wp-json\/wp\/v2\/media\/4405"}],"wp:attachment":[{"href":"http:\/\/zonade3.com.ar\/blog\/wp-json\/wp\/v2\/media?parent=4404"}],"wp:term":[{"taxonomy":"category","embeddable":true,"href":"http:\/\/zonade3.com.ar\/blog\/wp-json\/wp\/v2\/categories?post=4404"},{"taxonomy":"post_tag","embeddable":true,"href":"http:\/\/zonade3.com.ar\/blog\/wp-json\/wp\/v2\/tags?post=4404"}],"curies":[{"name":"wp","href":"https:\/\/api.w.org\/{rel}","templated":true}]}}