{"id":4409,"date":"2018-05-23T04:29:19","date_gmt":"2018-05-23T04:29:19","guid":{"rendered":"http:\/\/zonade3.com.ar.ar\/blog\/?p=4409"},"modified":"2018-05-23T04:29:19","modified_gmt":"2018-05-23T04:29:19","slug":"seleccion-u15-de-santa-fe-los-chicos-entrenan-en-ceres","status":"publish","type":"post","link":"http:\/\/zonade3.com.ar\/blog\/seleccion-u15-de-santa-fe-los-chicos-entrenan-en-ceres\/","title":{"rendered":"Seleccion U15 de Santa Fe: los chicos entrenan en Ceres"},"content":{"rendered":"<p>La selecci\u00f3n U15 de Santa Fe ya entrena en Ceres de cara al Argentino de la categor\u00eda. Fernando Cipri\u00e1n, Andr\u00e9s P\u00edccoli y Leandro Tesido ya tienen la lista de la preselecci\u00f3n de Santa Fe que comenzar\u00e1 a entrenar de cara al Argentino Sub 15. La 27\u00aa edici\u00f3n del Campeonato Argentino Masculino de Selecciones U15 se jugar\u00e1 en Salta entre el 28 de mayo y el 2 de junio. Participar\u00e1n 22 selecciones provinciales, divididas en tres zonas de cuatro equipos cada una y dos zonas de cinco equipos cada una. Los partidos se disputar\u00e1n en el Complejo Polideportivo Delmi. Lista y grupos seg\u00fan el sorteo.<br \/>\nEntrenar\u00e1n en Ceres desde el d\u00eda 22 y el s\u00e1bado 26 se dar\u00e1 la lista de 12.<br \/>\nIv\u00e1n Basile (Rivadavia Jrs.) Santafesina<br \/>\nFrancisco Belletti (Uni\u00f3n Sta Fe) Santafesina<br \/>\nEsteban Caffaro (Trebolense) Oeste<br \/>\nDante Cannata (Uni\u00f3n AS) Rosarina<br \/>\nBruno Caribaux (Atlantic) Rosarina<br \/>\nAlan Dur\u00e1n (El Quill\u00e1) Santafesina<br \/>\nTob\u00edas Flores (Uni\u00f3n Sta Fe) Santafesina<br \/>\nJuan Sebasti\u00e1n Gorosito (foto, Central) Noroeste<br \/>\nLorenzo Manasero (Central) Noroeste<br \/>\nNicol\u00e1s Quiroga (Libertad) Rafaelina<br \/>\nGianmarco Reale (Sport Club) Ca\u00f1adense<br \/>\nJer\u00f3nimo Rodr\u00edguez (Central) Noroeste<br \/>\nSantino Romegialli (Argentino) Venadense<br \/>\nJerem\u00edas Salvatelli (GyE) Santafesina<br \/>\nYago Taylor (Temperley) Rosarina<br \/>\nGRUPO 1: C\u00f3rdoba, Mendoza, Santiago del Estero y Jujuy.<br \/>\nGRUPO 2: Santa Fe, Corrientes, La Pampa y La Rioja.<br \/>\nGRUPO 3: FeBAMBA, Tucum\u00e1n, Misiones y San Luis.<br \/>\nGRUPO 4: Entre R\u00edos, Neuqu\u00e9n, R\u00edo Negro, Santa Cruz y Salta.<br \/>\nGRUPO 5: Buenos Aires, Chaco, Chubut, Formosa y San Juan.<br \/>\nEn la primera fase, los equipos jugar\u00e1n todos contra todos dentro de cada grupo. Los primeros de cada zona m\u00e1s los tres mejores segundos avanzar\u00e1n a cuartos de final y seguir\u00e1n en carrera por el t\u00edtulo. Los dos peores segundos y los dos mejores terceros avanzar\u00e1n al playoff por los puestos del 9\u00b0 al 12\u00b0. Los tres peores terceros y el mejor cuarto jugar\u00e1n el playoff por los puestos del 13\u00b0 al 16\u00b0. Los cuatro restantes cuartos disputar\u00e1n el playoff para definir las posiciones del 17\u00b0 al 20\u00b0, en tanto que los dos quintos se enfrentar\u00e1n para definir los puestos 21\u00b0 y 22\u00b0.<br \/>\nEl 27\u00b0 Campeonato Argentino Masculino de Selecciones U15 se jugar\u00e1 en Salta capital, m\u00e1s precisamente en el Complejo Polideportivo Delmi, que cuenta con dos canchas. La primera fase se jugar\u00e1 del 28 al 30 de mayo. Vale aclarar que durante la primera fase, los dos grupos que cuentan con cinco participantes tendr\u00e1n dos jornadas dobles (29 y 30 de mayo). La segunda fase ser\u00e1 del 31 de mayo al 2 de junio.<br \/>\nFuente: FBPSF<\/p>\n","protected":false},"excerpt":{"rendered":"<p>La selecci\u00f3n U15 de Santa Fe ya entrena en Ceres de cara al Argentino de la categor\u00eda. Fernando<\/p>\n","protected":false},"author":2,"featured_media":4354,"comment_status":"open","ping_status":"open","sticky":false,"template":"","format":"standard","meta":{"footnotes":""},"categories":[1],"tags":[],"class_list":["post-4409","post","type-post","status-publish","format-standard","has-post-thumbnail","hentry","category-sin-categoria"],"_links":{"self":[{"href":"http:\/\/zonade3.com.ar\/blog\/wp-json\/wp\/v2\/posts\/4409","targetHints":{"allow":["GET"]}}],"collection":[{"href":"http:\/\/zonade3.com.ar\/blog\/wp-json\/wp\/v2\/posts"}],"about":[{"href":"http:\/\/zonade3.com.ar\/blog\/wp-json\/wp\/v2\/types\/post"}],"author":[{"embeddable":true,"href":"http:\/\/zonade3.com.ar\/blog\/wp-json\/wp\/v2\/users\/2"}],"replies":[{"embeddable":true,"href":"http:\/\/zonade3.com.ar\/blog\/wp-json\/wp\/v2\/comments?post=4409"}],"version-history":[{"count":1,"href":"http:\/\/zonade3.com.ar\/blog\/wp-json\/wp\/v2\/posts\/4409\/revisions"}],"predecessor-version":[{"id":4410,"href":"http:\/\/zonade3.com.ar\/blog\/wp-json\/wp\/v2\/posts\/4409\/revisions\/4410"}],"wp:featuredmedia":[{"embeddable":true,"href":"http:\/\/zonade3.com.ar\/blog\/wp-json\/wp\/v2\/media\/4354"}],"wp:attachment":[{"href":"http:\/\/zonade3.com.ar\/blog\/wp-json\/wp\/v2\/media?parent=4409"}],"wp:term":[{"taxonomy":"category","embeddable":true,"href":"http:\/\/zonade3.com.ar\/blog\/wp-json\/wp\/v2\/categories?post=4409"},{"taxonomy":"post_tag","embeddable":true,"href":"http:\/\/zonade3.com.ar\/blog\/wp-json\/wp\/v2\/tags?post=4409"}],"curies":[{"name":"wp","href":"https:\/\/api.w.org\/{rel}","templated":true}]}}