{"id":4414,"date":"2018-05-23T19:41:17","date_gmt":"2018-05-23T19:41:17","guid":{"rendered":"http:\/\/zonade3.com.ar.ar\/blog\/?p=4414"},"modified":"2018-05-23T19:41:17","modified_gmt":"2018-05-23T19:41:17","slug":"uberti-es-inentendible-la-situacion","status":"publish","type":"post","link":"http:\/\/zonade3.com.ar\/blog\/uberti-es-inentendible-la-situacion\/","title":{"rendered":"Uberti: \u00abEs inentendible la situaci\u00f3n\u00bb"},"content":{"rendered":"<p>Luego de lo que fue aquel malogrado final en Ceres, en el segundo punto de la serie playoff entre Central y Belgrano de San Nicolas, esta llave se volvi\u00f3 muy compleja, con un clima realmente enrarecido y dram\u00e1tico. En aquel momento, en pleno festejo de los aurinegros tras el triunfo del 2-0, un simpatizante de San Nicolas ingres\u00f3 al rect\u00e1ngulo y agredi\u00f3 a un par de jugadores; luego, sus pares se cruzaron con la polic\u00eda local y de all\u00ed en mas, en los d\u00edas siguientes, todo pas\u00f3 al plano de las amenazas y \u00abadvertencias\u00bb en la previa de lo que \u00abpod\u00eda llegar a pasar\u00bb en San Nicolas.<br \/>\nY por ende, este martes por la noche con la victoria de Belgrano sobre la mesa, las cosas no se calmaron ni mucho menos. La delegaci\u00f3n de Central denunci\u00f3 un clima extremadamente hostil mucho antes de comenzar dicho encuentro. Incluso, como medida de seguridad, se hospeda en Rosario donde analiza los pasos a seguir despu\u00e9s de una noche angustiante como lo calificaron los protagonistas a trav\u00e9s de distintos medios.<br \/>\nEn dialogo con el programa <em>Mesa Deportiva<\/em> de Radio Belgrano de Suardi AM 1510, el profesor Enrique Uberti, dirigente ceresino, consider\u00f3 \u00abinentendible la situaci\u00f3n\u00bb y muy alejada del deporte. \u00abNing\u00fan dirigente de Belgrano se comunic\u00f3 con nosotros por lo sucedido\u00bb se lament\u00f3, al tiempo que sostuvo que traslad\u00f3 toda esta preocupaci\u00f3n a Sebastian Uranga, ex basquetbolista y uno de los referentes de la organizaci\u00f3n para instar a que se haga algo al respecto.<br \/>\nUberti remarc\u00f3 una y otra vez no entender lo que estaba pasando, por qu\u00e9 tanta agresi\u00f3n, \u00abven el deporte de otra manera, quiz\u00e1\u00bb argument\u00f3, al tiempo que trajo a colaci\u00f3n los otros antecedentes que tiene la instituci\u00f3n nicole\u00f1a, con situaciones de violencia incluida.<br \/>\nUberti cont\u00f3 que recibieron insultos, intimidaciones, aprietes, amenazas de muerte desde pr\u00e1cticamente llegados al club, donde 2 horas antes \u00abno hab\u00eda polic\u00edas, ni dirigentes, no hab\u00eda nadie en el estadio y alguien tuvo que abrir los portones\u00bb para el ingreso de los hinchas locales.<br \/>\n\u00abEl comisionado lleg\u00f3 tarde (se le rompi\u00f3 el auto)\u00bb coment\u00f3 el dirigente como otra de las anomal\u00edas.<br \/>\nEn torno el partido, analiz\u00f3 que \u00abcuando se empezaron a achicar las diferencias ah\u00ed se puso complicado el tr\u00e1mite\u00bb. \u00abNos dec\u00edan <em>no le se va a ocurrir festejar<\/em>, m\u00e9tanse al vestuario y cerramos todo con candado, tuvimos que armar los bolsos, guardar las toallas antes de que termine el partido\u00bb, dispar\u00f3 sorprendido.<br \/>\nLuego destac\u00f3 no saber que le habr\u00eda pasado al plantel si llegaran a ganar el duelo. \u00abEstuvimos una hora en el vestuario con custodia y despu\u00e9s unos 15 minutos en el hall del club\u00bb donde recibieron tambi\u00e9n todo tipo de amenazas como se puede ver en los v\u00eddeos virales reproducidos en las redes.<br \/>\n\u00abYa no sabemos qu\u00e9 hacer y lo peor es que esto se va a trasladar al jueves y al domingo\u00bb dijo angustiado. \u00abLa polic\u00eda nos dec\u00eda por favor m\u00e9tanse r\u00e1pido\u00bb, reflexion\u00f3 indignado.<br \/>\nPor otra parte, agradeci\u00f3 todo el apoyo de la gente de Ceres y de las autoridades. El intendente Camilo Busquet tambi\u00e9n se reuni\u00f3 con dirigentes de Central para elevar un comunicado de repudio.<br \/>\nLo cierto es que ahora el foco est\u00e1 puesto mas en cuestiones extradeportivas que en el juego en s\u00ed. La experiencia vivida exige un enorme grado de atenci\u00f3n porque a la serie le falta recorrido, e incluso, puede llegar de nuevo a Ceres el domingo en un potencial 5to duelo, por lo que ser\u00e1 necesario que los responsables en la toma de decisiones le otorguen un corte a estos sucesos que desvirtuaron por completo el clima de la presente serie.<br \/>\nFoto: CeresCiudad<\/p>\n","protected":false},"excerpt":{"rendered":"<p>Luego de lo que fue aquel malogrado final en Ceres, en el segundo punto de la serie playoff<\/p>\n","protected":false},"author":2,"featured_media":4416,"comment_status":"open","ping_status":"open","sticky":false,"template":"","format":"standard","meta":{"footnotes":""},"categories":[1],"tags":[],"class_list":["post-4414","post","type-post","status-publish","format-standard","has-post-thumbnail","hentry","category-sin-categoria"],"_links":{"self":[{"href":"http:\/\/zonade3.com.ar\/blog\/wp-json\/wp\/v2\/posts\/4414","targetHints":{"allow":["GET"]}}],"collection":[{"href":"http:\/\/zonade3.com.ar\/blog\/wp-json\/wp\/v2\/posts"}],"about":[{"href":"http:\/\/zonade3.com.ar\/blog\/wp-json\/wp\/v2\/types\/post"}],"author":[{"embeddable":true,"href":"http:\/\/zonade3.com.ar\/blog\/wp-json\/wp\/v2\/users\/2"}],"replies":[{"embeddable":true,"href":"http:\/\/zonade3.com.ar\/blog\/wp-json\/wp\/v2\/comments?post=4414"}],"version-history":[{"count":3,"href":"http:\/\/zonade3.com.ar\/blog\/wp-json\/wp\/v2\/posts\/4414\/revisions"}],"predecessor-version":[{"id":4419,"href":"http:\/\/zonade3.com.ar\/blog\/wp-json\/wp\/v2\/posts\/4414\/revisions\/4419"}],"wp:featuredmedia":[{"embeddable":true,"href":"http:\/\/zonade3.com.ar\/blog\/wp-json\/wp\/v2\/media\/4416"}],"wp:attachment":[{"href":"http:\/\/zonade3.com.ar\/blog\/wp-json\/wp\/v2\/media?parent=4414"}],"wp:term":[{"taxonomy":"category","embeddable":true,"href":"http:\/\/zonade3.com.ar\/blog\/wp-json\/wp\/v2\/categories?post=4414"},{"taxonomy":"post_tag","embeddable":true,"href":"http:\/\/zonade3.com.ar\/blog\/wp-json\/wp\/v2\/tags?post=4414"}],"curies":[{"name":"wp","href":"https:\/\/api.w.org\/{rel}","templated":true}]}}